{"id":1773,"date":"2016-07-22T17:29:36","date_gmt":"2016-07-22T15:29:36","guid":{"rendered":"http:\/\/www.mbnp.archidiecezja.wroc.pl\/?p=1773"},"modified":"2016-08-22T17:11:02","modified_gmt":"2016-08-22T15:11:02","slug":"drugi-dzien-pobytu-pielgrzymow-z-hiszpanii-cz-ii","status":"publish","type":"post","link":"http:\/\/www.mbnp.archidiecezja.wroc.pl\/?p=1773","title":{"rendered":"Drugi dzie\u0144 pobytu pielgrzym\u00f3w z Hiszpanii &#8211; cz. II"},"content":{"rendered":"<p style=\"text-align: center;\">W zaj\u0119ciach przygotowanych na dzisiejszy dzie\u0144 m\u0142odzie\u017c z Hiszpanii pe\u0142ni\u0142a dzie\u0142a mi\u0142osierdzia. W\u015br\u00f3d nich znalaz\u0142o si\u0119 m.in. lepienie pierog\u00f3w dla potrzebuj\u0105cych z Domu Brata Alberta. Opr\u00f3cz tego pielgrzymi uczyli si\u0119 polskich ta\u0144c\u00f3w, jak i wsp\u00f3lnie z naszymi m\u0142odszymi parafianami malowali w Szkole Podstawowej Nr 28\u00a0plakaty o tematyce mi\u0142osierdzia.<\/p>\n<p style=\"text-align: center;\"><iframe loading=\"lazy\" src=\"\/\/www.youtube.com\/embed\/UnI9PnYplkM\" width=\"425\" height=\"350\" allowfullscreen=\"allowfullscreen\"><\/iframe><\/p>\n<p><a href=\"http:\/\/www.mbnp.archidiecezja.wroc.pl\/wp-content\/uploads\/2016\/07\/20160722_145209-1024x576-e1469201190380.jpg\" rel=\"lightbox[1773]\"><img decoding=\"async\" loading=\"lazy\" class=\"aligncenter size-large wp-image-1775\" src=\"http:\/\/www.mbnp.archidiecezja.wroc.pl\/wp-content\/uploads\/2016\/07\/20160722_145209-1024x576-1024x576.jpg\" alt=\"20160722_145209 (1024x576)\" width=\"648\" height=\"365\" \/><\/a><\/p>\n<p style=\"text-align: center;\"><a href=\"http:\/\/www.mbnp.archidiecezja.wroc.pl\/?page_id=473&amp;album=6310170485703555329\">GALERIA<\/a><\/p>\n","protected":false},"excerpt":{"rendered":"<p>W zaj\u0119ciach przygotowanych na dzisiejszy dzie\u0144 m\u0142odzie\u017c z Hiszpanii pe\u0142ni\u0142a dzie\u0142a mi\u0142osierdzia. W\u015br\u00f3d nich znalaz\u0142o si\u0119 m.in. lepienie pierog\u00f3w dla potrzebuj\u0105cych z Domu Brata Alberta. Opr\u00f3cz tego pielgrzymi uczyli si\u0119 &#8230;<\/p>\n","protected":false},"author":7,"featured_media":0,"comment_status":"closed","ping_status":"open","sticky":false,"template":"","format":"standard","meta":[],"categories":[10],"tags":[],"_links":{"self":[{"href":"http:\/\/www.mbnp.archidiecezja.wroc.pl\/index.php?rest_route=\/wp\/v2\/posts\/1773"}],"collection":[{"href":"http:\/\/www.mbnp.archidiecezja.wroc.pl\/index.php?rest_route=\/wp\/v2\/posts"}],"about":[{"href":"http:\/\/www.mbnp.archidiecezja.wroc.pl\/index.php?rest_route=\/wp\/v2\/types\/post"}],"author":[{"embeddable":true,"href":"http:\/\/www.mbnp.archidiecezja.wroc.pl\/index.php?rest_route=\/wp\/v2\/users\/7"}],"replies":[{"embeddable":true,"href":"http:\/\/www.mbnp.archidiecezja.wroc.pl\/index.php?rest_route=%2Fwp%2Fv2%2Fcomments&post=1773"}],"version-history":[{"count":1,"href":"http:\/\/www.mbnp.archidiecezja.wroc.pl\/index.php?rest_route=\/wp\/v2\/posts\/1773\/revisions"}],"predecessor-version":[{"id":1776,"href":"http:\/\/www.mbnp.archidiecezja.wroc.pl\/index.php?rest_route=\/wp\/v2\/posts\/1773\/revisions\/1776"}],"wp:attachment":[{"href":"http:\/\/www.mbnp.archidiecezja.wroc.pl\/index.php?rest_route=%2Fwp%2Fv2%2Fmedia&parent=1773"}],"wp:term":[{"taxonomy":"category","embeddable":true,"href":"http:\/\/www.mbnp.archidiecezja.wroc.pl\/index.php?rest_route=%2Fwp%2Fv2%2Fcategories&post=1773"},{"taxonomy":"post_tag","embeddable":true,"href":"http:\/\/www.mbnp.archidiecezja.wroc.pl\/index.php?rest_route=%2Fwp%2Fv2%2Ftags&post=1773"}],"curies":[{"name":"wp","href":"https:\/\/api.w.org\/{rel}","templated":true}]}}