{"id":1765,"date":"2016-07-22T12:26:54","date_gmt":"2016-07-22T10:26:54","guid":{"rendered":"http:\/\/www.mbnp.archidiecezja.wroc.pl\/?p=1765"},"modified":"2016-08-22T12:30:49","modified_gmt":"2016-08-22T10:30:49","slug":"1765","status":"publish","type":"post","link":"http:\/\/www.mbnp.archidiecezja.wroc.pl\/?p=1765","title":{"rendered":"Drugi dzie\u0144 pobytu pielgrzym\u00f3w z Hiszpanii"},"content":{"rendered":"<p style=\"text-align: center;\">Jeste\u015bmy w trakcie drugiego dnia pobytu naszych go\u015bci z Hiszpanii. Za nami pierwsza noc pielgrzym\u00f3w w naszych domach, ale tak\u017ce Msza \u015bw.\u00a0w Ko\u015bciele i\u00a0posi\u0142ek na terenie domu parafialnego.<\/p>\n<p><a href=\"http:\/\/www.mbnp.archidiecezja.wroc.pl\/wp-content\/uploads\/2016\/07\/P7226621-1024x768-e1469183873697.jpg\" rel=\"lightbox[1765]\"><img decoding=\"async\" loading=\"lazy\" class=\"size-large wp-image-1769 aligncenter\" src=\"http:\/\/www.mbnp.archidiecezja.wroc.pl\/wp-content\/uploads\/2016\/07\/P7226621-1024x768-1024x768.jpg\" alt=\"OLYMPUS DIGITAL CAMERA\" width=\"648\" height=\"486\" \/><\/a><\/p>\n<p style=\"text-align: center;\"><iframe loading=\"lazy\" src=\"\/\/www.youtube.com\/embed\/aqTu576zs7U\" width=\"425\" height=\"350\" allowfullscreen=\"allowfullscreen\"><\/iframe><\/p>\n<p style=\"text-align: center;\"><iframe loading=\"lazy\" src=\"\/\/www.youtube.com\/embed\/L6ySgW7rdNE\" width=\"600\" height=\"400\" allowfullscreen=\"allowfullscreen\"><\/iframe><\/p>\n<p style=\"text-align: center;\"><iframe loading=\"lazy\" src=\"\/\/www.youtube.com\/embed\/04pA1RTZpCo\" width=\"425\" height=\"350\" allowfullscreen=\"allowfullscreen\"><\/iframe><\/p>\n<p style=\"text-align: center;\"><a href=\"http:\/\/www.mbnp.archidiecezja.wroc.pl\/?page_id=473&amp;album=6310098490562042273\">GALERIA<\/a><\/p>\n<p>&nbsp;<\/p>\n<p>&nbsp;<\/p>\n","protected":false},"excerpt":{"rendered":"<p>Jeste\u015bmy w trakcie drugiego dnia pobytu naszych go\u015bci z Hiszpanii. Za nami pierwsza noc pielgrzym\u00f3w w naszych domach, ale tak\u017ce Msza \u015bw.\u00a0w Ko\u015bciele i\u00a0posi\u0142ek na terenie domu parafialnego. GALERIA &nbsp; &#8230;<\/p>\n","protected":false},"author":7,"featured_media":0,"comment_status":"closed","ping_status":"open","sticky":false,"template":"","format":"standard","meta":[],"categories":[10],"tags":[],"_links":{"self":[{"href":"http:\/\/www.mbnp.archidiecezja.wroc.pl\/index.php?rest_route=\/wp\/v2\/posts\/1765"}],"collection":[{"href":"http:\/\/www.mbnp.archidiecezja.wroc.pl\/index.php?rest_route=\/wp\/v2\/posts"}],"about":[{"href":"http:\/\/www.mbnp.archidiecezja.wroc.pl\/index.php?rest_route=\/wp\/v2\/types\/post"}],"author":[{"embeddable":true,"href":"http:\/\/www.mbnp.archidiecezja.wroc.pl\/index.php?rest_route=\/wp\/v2\/users\/7"}],"replies":[{"embeddable":true,"href":"http:\/\/www.mbnp.archidiecezja.wroc.pl\/index.php?rest_route=%2Fwp%2Fv2%2Fcomments&post=1765"}],"version-history":[{"count":6,"href":"http:\/\/www.mbnp.archidiecezja.wroc.pl\/index.php?rest_route=\/wp\/v2\/posts\/1765\/revisions"}],"predecessor-version":[{"id":1772,"href":"http:\/\/www.mbnp.archidiecezja.wroc.pl\/index.php?rest_route=\/wp\/v2\/posts\/1765\/revisions\/1772"}],"wp:attachment":[{"href":"http:\/\/www.mbnp.archidiecezja.wroc.pl\/index.php?rest_route=%2Fwp%2Fv2%2Fmedia&parent=1765"}],"wp:term":[{"taxonomy":"category","embeddable":true,"href":"http:\/\/www.mbnp.archidiecezja.wroc.pl\/index.php?rest_route=%2Fwp%2Fv2%2Fcategories&post=1765"},{"taxonomy":"post_tag","embeddable":true,"href":"http:\/\/www.mbnp.archidiecezja.wroc.pl\/index.php?rest_route=%2Fwp%2Fv2%2Ftags&post=1765"}],"curies":[{"name":"wp","href":"https:\/\/api.w.org\/{rel}","templated":true}]}}