{"id":1755,"date":"2016-07-22T07:46:16","date_gmt":"2016-07-22T05:46:16","guid":{"rendered":"http:\/\/www.mbnp.archidiecezja.wroc.pl\/?p=1755"},"modified":"2016-08-22T06:50:31","modified_gmt":"2016-08-22T04:50:31","slug":"sdm-powitanie-gosci","status":"publish","type":"post","link":"http:\/\/www.mbnp.archidiecezja.wroc.pl\/?p=1755","title":{"rendered":"\u015aDM &#8211; powitanie go\u015bci"},"content":{"rendered":"<p style=\"text-align: justify;\">Na \u015awiatowe Dni M\u0142odzie\u017cy do naszej parafii przyjecha\u0142o ponad 100 pielgrzym\u00f3w z Hiszpanii, g\u0142\u00f3wnie z Madrytu.<!--more--><\/p>\n<p style=\"text-align: justify;\">Ksi\u0105dz Proboszcz powita\u0142 \u00a0ich serdecznie na placu przed ko\u015bcio\u0142em. Recepcja przygotowana by\u0142a w \u00a0g\u0142\u00f3wnej sali parafialnej. Po bardzo sprawnej rejestracji \u00a0wolontariusze odprowadzili pielgrzym\u00f3w do przyjmuj\u0105cych ich rodzin. Zapraszamy do obejrzenia \u00a0galerii zdj\u0119\u0107.<\/p>\n<p style=\"text-align: center;\"><a href=\"http:\/\/www.mbnp.archidiecezja.wroc.pl\/?page_id=473&amp;album=6310013234687813425\">GALERIA <\/a><\/p>\n","protected":false},"excerpt":{"rendered":"<p>Na \u015awiatowe Dni M\u0142odzie\u017cy do naszej parafii przyjecha\u0142o ponad 100 pielgrzym\u00f3w z Hiszpanii, g\u0142\u00f3wnie z Madrytu.<\/p>\n","protected":false},"author":9,"featured_media":1757,"comment_status":"closed","ping_status":"open","sticky":false,"template":"","format":"standard","meta":[],"categories":[10],"tags":[],"_links":{"self":[{"href":"http:\/\/www.mbnp.archidiecezja.wroc.pl\/index.php?rest_route=\/wp\/v2\/posts\/1755"}],"collection":[{"href":"http:\/\/www.mbnp.archidiecezja.wroc.pl\/index.php?rest_route=\/wp\/v2\/posts"}],"about":[{"href":"http:\/\/www.mbnp.archidiecezja.wroc.pl\/index.php?rest_route=\/wp\/v2\/types\/post"}],"author":[{"embeddable":true,"href":"http:\/\/www.mbnp.archidiecezja.wroc.pl\/index.php?rest_route=\/wp\/v2\/users\/9"}],"replies":[{"embeddable":true,"href":"http:\/\/www.mbnp.archidiecezja.wroc.pl\/index.php?rest_route=%2Fwp%2Fv2%2Fcomments&post=1755"}],"version-history":[{"count":7,"href":"http:\/\/www.mbnp.archidiecezja.wroc.pl\/index.php?rest_route=\/wp\/v2\/posts\/1755\/revisions"}],"predecessor-version":[{"id":1763,"href":"http:\/\/www.mbnp.archidiecezja.wroc.pl\/index.php?rest_route=\/wp\/v2\/posts\/1755\/revisions\/1763"}],"wp:featuredmedia":[{"embeddable":true,"href":"http:\/\/www.mbnp.archidiecezja.wroc.pl\/index.php?rest_route=\/wp\/v2\/media\/1757"}],"wp:attachment":[{"href":"http:\/\/www.mbnp.archidiecezja.wroc.pl\/index.php?rest_route=%2Fwp%2Fv2%2Fmedia&parent=1755"}],"wp:term":[{"taxonomy":"category","embeddable":true,"href":"http:\/\/www.mbnp.archidiecezja.wroc.pl\/index.php?rest_route=%2Fwp%2Fv2%2Fcategories&post=1755"},{"taxonomy":"post_tag","embeddable":true,"href":"http:\/\/www.mbnp.archidiecezja.wroc.pl\/index.php?rest_route=%2Fwp%2Fv2%2Ftags&post=1755"}],"curies":[{"name":"wp","href":"https:\/\/api.w.org\/{rel}","templated":true}]}}