{"id":1709,"date":"2016-06-23T09:45:19","date_gmt":"2016-06-23T07:45:19","guid":{"rendered":"http:\/\/www.mbnp.archidiecezja.wroc.pl\/?p=1709"},"modified":"2016-06-27T09:44:53","modified_gmt":"2016-06-27T07:44:53","slug":"zaproszenie-na-triduum-parafialne","status":"publish","type":"post","link":"http:\/\/www.mbnp.archidiecezja.wroc.pl\/?p=1709","title":{"rendered":"ZAPROSZENIE NA TRIDUUM PARAFIALNE"},"content":{"rendered":"<p style=\"text-align: center;\">W pi\u0105tek (24.VI) przypada 50 rocznica \u015bwi\u0119ce\u0144 kap\u0142a\u0144skich ks. Pra\u0142ata Franciszka Skorusy. W ten dzie\u0144 odb\u0119dzie si\u0119 Msza \u015bw. o godz. 18, kt\u00f3rej b\u0119dzie przewodniczy\u0142 Jego przyjaciel Ks. Pra\u0142at J\u00f3zef Mielczarek.<\/p>\n<p style=\"text-align: center;\">W sobot\u0119 (25.VI), po Mszy \u015bw. wieczornej w naszej Parafii odb\u0119dzie si\u0119 wyj\u0105tkowy koncert Zespo\u0142u Ewangelizacyjnego \u201eNa ca\u0142y G\u0142os\u201d z Pelplina, kt\u00f3ry przedstawi Oratarium 4 pory \u017cycia.<\/p>\n<p class=\"western\" style=\"text-align: center;\" align=\"JUSTIFY\">W niedziel\u0119 (26.VI) b\u0119dziemy obchodzili\u00a0Uroczysto\u015b\u0107 Odpustow\u0105 w naszej wsp\u00f3lnocie parafialnej. W tym dniu S\u0142owo Bo\u017ce b\u0119dzie g\u0142osi\u0142 i Mszy \u015bw. o godz. 12.30 przewodniczy\u0142 Jego Magnificencja Ksi\u0105dz dr Adam \u0141u\u017aniak, Rektor Metropolitarnego Wy\u017cszego Seminarium Duchownego we Wroc\u0142awiu.<\/p>\n","protected":false},"excerpt":{"rendered":"<p>W pi\u0105tek (24.VI) przypada 50 rocznica \u015bwi\u0119ce\u0144 kap\u0142a\u0144skich ks. Pra\u0142ata Franciszka Skorusy. W ten dzie\u0144 odb\u0119dzie si\u0119 Msza \u015bw. o godz. 18, kt\u00f3rej b\u0119dzie przewodniczy\u0142 Jego przyjaciel Ks. Pra\u0142at J\u00f3zef &#8230;<\/p>\n","protected":false},"author":7,"featured_media":0,"comment_status":"closed","ping_status":"open","sticky":false,"template":"","format":"standard","meta":[],"categories":[10],"tags":[],"_links":{"self":[{"href":"http:\/\/www.mbnp.archidiecezja.wroc.pl\/index.php?rest_route=\/wp\/v2\/posts\/1709"}],"collection":[{"href":"http:\/\/www.mbnp.archidiecezja.wroc.pl\/index.php?rest_route=\/wp\/v2\/posts"}],"about":[{"href":"http:\/\/www.mbnp.archidiecezja.wroc.pl\/index.php?rest_route=\/wp\/v2\/types\/post"}],"author":[{"embeddable":true,"href":"http:\/\/www.mbnp.archidiecezja.wroc.pl\/index.php?rest_route=\/wp\/v2\/users\/7"}],"replies":[{"embeddable":true,"href":"http:\/\/www.mbnp.archidiecezja.wroc.pl\/index.php?rest_route=%2Fwp%2Fv2%2Fcomments&post=1709"}],"version-history":[{"count":1,"href":"http:\/\/www.mbnp.archidiecezja.wroc.pl\/index.php?rest_route=\/wp\/v2\/posts\/1709\/revisions"}],"predecessor-version":[{"id":1710,"href":"http:\/\/www.mbnp.archidiecezja.wroc.pl\/index.php?rest_route=\/wp\/v2\/posts\/1709\/revisions\/1710"}],"wp:attachment":[{"href":"http:\/\/www.mbnp.archidiecezja.wroc.pl\/index.php?rest_route=%2Fwp%2Fv2%2Fmedia&parent=1709"}],"wp:term":[{"taxonomy":"category","embeddable":true,"href":"http:\/\/www.mbnp.archidiecezja.wroc.pl\/index.php?rest_route=%2Fwp%2Fv2%2Fcategories&post=1709"},{"taxonomy":"post_tag","embeddable":true,"href":"http:\/\/www.mbnp.archidiecezja.wroc.pl\/index.php?rest_route=%2Fwp%2Fv2%2Ftags&post=1709"}],"curies":[{"name":"wp","href":"https:\/\/api.w.org\/{rel}","templated":true}]}}