{"id":1701,"date":"2016-06-21T21:18:47","date_gmt":"2016-06-21T19:18:47","guid":{"rendered":"http:\/\/www.mbnp.archidiecezja.wroc.pl\/?p=1701"},"modified":"2016-07-10T21:43:06","modified_gmt":"2016-07-10T19:43:06","slug":"pielgrzymka-rady-parafialnej-do-matki-bozej-przyczyny-naszej-radosci","status":"publish","type":"post","link":"http:\/\/www.mbnp.archidiecezja.wroc.pl\/?p=1701","title":{"rendered":"Pielgrzymka Rady Parafialnej do Matki Bo\u017cej Przyczyny Naszej Rado\u015bci"},"content":{"rendered":"<p>Pierwszy wyjazd nowo powo\u0142anej Rady Parafialnej po\u015bwi\u0119cili\u015bmy \u00a0Matce Bo\u017cej Przyczynie Naszej Rado\u015bci, \u00a0znanej \u00a0jako Maria \u015anie\u017cna.\u00a0 Sanktuarium mie\u015bci si\u0119 na G\u00f3rze Iglicznej w okolicach Mi\u0119dzyg\u00f3rza.<\/p>\n<p>Rada Parafialna zaprosi\u0142a na wyjazd przedstawicieli Parafialnego Zespo\u0142u Caritas i Apostolstwa Dobrej \u015amierci.<\/p>\n<p>Msz\u0105 \u015bwi\u0119t\u0105 poprzedzi\u0142 wyk\u0142ad \u00a0Ksi\u0119dza Proboszcza Sanktuarium na temat miejscowego \u00a0kultu\u00a0 \u00a0Maryjnego i historii Ko\u015bcio\u0142a. Przygotowali\u015bmy komentarze do liturgii s\u0142owa , oraz opraw\u0119 muzyczn\u0105.<\/p>\n<p>Po strawie dla duszy udali\u015bmy si\u0119 na spotkanie integracyjne przy grillu, gitarze, i dobrej zabawie, kt\u00f3re wspaniale \u00a0zorganizowali przyjaciela naszego Ksi\u0119dza Proboszcza.<\/p>\n<p>Zapraszamy do odwiedzenia galerii zdj\u0105\u0107 z wyjazdu.<\/p>\n<p><strong>Modlitwa &#8211; \u015bw. Jana Paw\u0142a II<\/strong><\/p>\n<p><em>Naj\u015bwi\u0119tsza Panno Maryjo, Przyczyno Naszej Rado\u015bci, Mario \u015anie\u017cna, Ty\u015b Bogarodzic\u0105, Ty\u015b nasz\u0105 Matk\u0105, nasz\u0105 Kr\u00f3low\u0105. W Twoich r\u0119kach, Po\u015bredniczko \u0142ask wszelkich, nasze \u017cycie i nasze zbawienie. Sk\u0142adamy u st\u00f3p Twoich wiar\u0119, nadziej\u0119 i mi\u0142o\u015b\u0107. B\u0105d\u017a nasz\u0105 rado\u015bci\u0105, jak w przesz\u0142o\u015bci, tak r\u00f3wnie\u017c dzi\u015b. Amen.<\/em><\/p>\n<p><em>\u015bw. Jan Pawe\u0142 II &#8211; z modlitwy koronacyjnej 21.06.1983 r<\/em><\/p>\n<p><a href=\"http:\/\/www.mariasniezna.pl\/start.php?lang=pl\">Wi\u0119cej o Sanktuarium Marii \u015anie\u017cnej<\/a><\/p>\n<p><a href=\"http:\/\/www.mbnp.archidiecezja.wroc.pl\/?page_id=473&amp;album=6298732516417091009\">GALERIA ZDJ\u0118\u0106<\/a><\/p>\n<p>&nbsp;<\/p>\n","protected":false},"excerpt":{"rendered":"<p>Pierwszy wyjazd nowo powo\u0142anej Rady Parafialnej po\u015bwi\u0119cili\u015bmy \u00a0Matce Bo\u017cej Przyczynie Naszej Rado\u015bci, \u00a0znanej \u00a0jako Maria \u015anie\u017cna.\u00a0 Sanktuarium mie\u015bci si\u0119 na G\u00f3rze Iglicznej w okolicach Mi\u0119dzyg\u00f3rza. Rada Parafialna zaprosi\u0142a na wyjazd &#8230;<\/p>\n","protected":false},"author":9,"featured_media":1702,"comment_status":"closed","ping_status":"open","sticky":false,"template":"","format":"standard","meta":[],"categories":[10],"tags":[],"_links":{"self":[{"href":"http:\/\/www.mbnp.archidiecezja.wroc.pl\/index.php?rest_route=\/wp\/v2\/posts\/1701"}],"collection":[{"href":"http:\/\/www.mbnp.archidiecezja.wroc.pl\/index.php?rest_route=\/wp\/v2\/posts"}],"about":[{"href":"http:\/\/www.mbnp.archidiecezja.wroc.pl\/index.php?rest_route=\/wp\/v2\/types\/post"}],"author":[{"embeddable":true,"href":"http:\/\/www.mbnp.archidiecezja.wroc.pl\/index.php?rest_route=\/wp\/v2\/users\/9"}],"replies":[{"embeddable":true,"href":"http:\/\/www.mbnp.archidiecezja.wroc.pl\/index.php?rest_route=%2Fwp%2Fv2%2Fcomments&post=1701"}],"version-history":[{"count":4,"href":"http:\/\/www.mbnp.archidiecezja.wroc.pl\/index.php?rest_route=\/wp\/v2\/posts\/1701\/revisions"}],"predecessor-version":[{"id":1707,"href":"http:\/\/www.mbnp.archidiecezja.wroc.pl\/index.php?rest_route=\/wp\/v2\/posts\/1701\/revisions\/1707"}],"wp:featuredmedia":[{"embeddable":true,"href":"http:\/\/www.mbnp.archidiecezja.wroc.pl\/index.php?rest_route=\/wp\/v2\/media\/1702"}],"wp:attachment":[{"href":"http:\/\/www.mbnp.archidiecezja.wroc.pl\/index.php?rest_route=%2Fwp%2Fv2%2Fmedia&parent=1701"}],"wp:term":[{"taxonomy":"category","embeddable":true,"href":"http:\/\/www.mbnp.archidiecezja.wroc.pl\/index.php?rest_route=%2Fwp%2Fv2%2Fcategories&post=1701"},{"taxonomy":"post_tag","embeddable":true,"href":"http:\/\/www.mbnp.archidiecezja.wroc.pl\/index.php?rest_route=%2Fwp%2Fv2%2Ftags&post=1701"}],"curies":[{"name":"wp","href":"https:\/\/api.w.org\/{rel}","templated":true}]}}