{"id":1690,"date":"2016-06-13T09:46:44","date_gmt":"2016-06-13T07:46:44","guid":{"rendered":"http:\/\/www.mbnp.archidiecezja.wroc.pl\/?p=1690"},"modified":"2016-07-13T09:40:31","modified_gmt":"2016-07-13T07:40:31","slug":"pielgrzymka-dziekczynna-lektorow-do-czestochowy","status":"publish","type":"post","link":"http:\/\/www.mbnp.archidiecezja.wroc.pl\/?p=1690","title":{"rendered":"Pielgrzymka dzi\u0119kczynna Lektor\u00f3w do Cz\u0119stochowy"},"content":{"rendered":"<p style=\"text-align: left;\">W podzi\u0119kowaniu za przyj\u0119cie lektoratu ministranci z naszej parafii w dniach 10-11.VI udali si\u0119 do Tronu Jasnog\u00f3rskiej Pani, gdzie uczestniczyli wraz z ks. Piotrem i ks. Tomaszem w Apelu Jasnog\u00f3rskim i Mszy \u015bw. Nast\u0119pnie w Gidlach wzi\u0119li udzia\u0142 w pielgrzymce ministrant\u00f3w diecezji Cz\u0119stochowskiej, a p\u00f3\u017aniej modlili si\u0119 w Le\u015bniowie i G\u00f3rze \u015bw. Anny.<\/p>\n<p style=\"text-align: left;\"><a href=\"http:\/\/www.mbnp.archidiecezja.wroc.pl\/wp-content\/uploads\/2016\/06\/20160611_081926-1024x576.jpg\" rel=\"lightbox[1690]\"><img decoding=\"async\" loading=\"lazy\" class=\"size-large wp-image-1691 aligncenter\" src=\"http:\/\/www.mbnp.archidiecezja.wroc.pl\/wp-content\/uploads\/2016\/06\/20160611_081926-1024x576-1024x576.jpg\" alt=\"20160611_081926 (1024x576)\" width=\"648\" height=\"365\" srcset=\"http:\/\/www.mbnp.archidiecezja.wroc.pl\/wp-content\/uploads\/2016\/06\/20160611_081926-1024x576.jpg 1024w, http:\/\/www.mbnp.archidiecezja.wroc.pl\/wp-content\/uploads\/2016\/06\/20160611_081926-1024x576-300x169.jpg 300w\" sizes=\"(max-width: 648px) 100vw, 648px\" \/><\/a><\/p>\n<p style=\"text-align: center;\"><a href=\"http:\/\/www.mbnp.archidiecezja.wroc.pl\/?page_id=409&amp;album=6295577121575188065\">GALERIA<\/a><\/p>\n","protected":false},"excerpt":{"rendered":"<p>W podzi\u0119kowaniu za przyj\u0119cie lektoratu ministranci z naszej parafii w dniach 10-11.VI udali si\u0119 do Tronu Jasnog\u00f3rskiej Pani, gdzie uczestniczyli wraz z ks. Piotrem i ks. Tomaszem w Apelu Jasnog\u00f3rskim &#8230;<\/p>\n","protected":false},"author":7,"featured_media":0,"comment_status":"closed","ping_status":"open","sticky":false,"template":"","format":"standard","meta":[],"categories":[10],"tags":[],"_links":{"self":[{"href":"http:\/\/www.mbnp.archidiecezja.wroc.pl\/index.php?rest_route=\/wp\/v2\/posts\/1690"}],"collection":[{"href":"http:\/\/www.mbnp.archidiecezja.wroc.pl\/index.php?rest_route=\/wp\/v2\/posts"}],"about":[{"href":"http:\/\/www.mbnp.archidiecezja.wroc.pl\/index.php?rest_route=\/wp\/v2\/types\/post"}],"author":[{"embeddable":true,"href":"http:\/\/www.mbnp.archidiecezja.wroc.pl\/index.php?rest_route=\/wp\/v2\/users\/7"}],"replies":[{"embeddable":true,"href":"http:\/\/www.mbnp.archidiecezja.wroc.pl\/index.php?rest_route=%2Fwp%2Fv2%2Fcomments&post=1690"}],"version-history":[{"count":1,"href":"http:\/\/www.mbnp.archidiecezja.wroc.pl\/index.php?rest_route=\/wp\/v2\/posts\/1690\/revisions"}],"predecessor-version":[{"id":1692,"href":"http:\/\/www.mbnp.archidiecezja.wroc.pl\/index.php?rest_route=\/wp\/v2\/posts\/1690\/revisions\/1692"}],"wp:attachment":[{"href":"http:\/\/www.mbnp.archidiecezja.wroc.pl\/index.php?rest_route=%2Fwp%2Fv2%2Fmedia&parent=1690"}],"wp:term":[{"taxonomy":"category","embeddable":true,"href":"http:\/\/www.mbnp.archidiecezja.wroc.pl\/index.php?rest_route=%2Fwp%2Fv2%2Fcategories&post=1690"},{"taxonomy":"post_tag","embeddable":true,"href":"http:\/\/www.mbnp.archidiecezja.wroc.pl\/index.php?rest_route=%2Fwp%2Fv2%2Ftags&post=1690"}],"curies":[{"name":"wp","href":"https:\/\/api.w.org\/{rel}","templated":true}]}}