{"id":1670,"date":"2016-06-06T09:24:34","date_gmt":"2016-06-06T07:24:34","guid":{"rendered":"http:\/\/www.mbnp.archidiecezja.wroc.pl\/?p=1670"},"modified":"2016-07-06T08:54:02","modified_gmt":"2016-07-06T06:54:02","slug":"promocja-lektorska-05-06-2016","status":"publish","type":"post","link":"http:\/\/www.mbnp.archidiecezja.wroc.pl\/?p=1670","title":{"rendered":"Promocja lektorska 05.06.2016"},"content":{"rendered":"<p class=\"wp-caption-dd\" style=\"text-align: center;\">W pierwsz\u0105 niedziel\u0119 czerwca nasza wsp\u00f3lnota parafialna wzbogaci\u0142a si\u0119 o nowych lektor\u00f3w.\u00a0Uroczysta Msza \u015bw.\u00a0o godz. 12.30 ukoronowa\u0142a\u00a0rok przygotowa\u0144 do przyj\u0119cia tej funkcji. W trakcie tego okresu dotychczasowi ministranci mieli zaj\u0119cia z logoped\u0105 czy\u00a0profesjonalnym muzykiem\u00a0(gdzie \u0107wiczyli wykonywanie psalm\u00f3w), \u00a0a tak\u017ce z poznawali tajniki prawid\u0142owego przygotowania liturgii. Od tej pory nowi lektorzy b\u0119d\u0105 w bezpo\u015bredni spos\u00f3b pomaga\u0107 w przygotowywaniu\u00a0Eucharystii czy nabo\u017ce\u0144stw\u00a0w naszej parafii, a tak\u017ce w formacji ministrant\u00f3w.<\/p>\n<p class=\"wp-caption-dd\" style=\"text-align: center;\">Po Mszy \u015bw. odby\u0142 si\u0119 pocz\u0119stunek przygotowany przez rodzic\u00f3w lektor\u00f3w, w trakcie kt\u00f3rego otrzymali oni legitymacje lektorskie oraz r\u00f3\u017ca\u0144ce z relikwiami b\u0142ogos\u0142awionych polskich m\u0119czennik\u00f3w z Peru.<\/p>\n<p class=\"wp-caption-dd\" style=\"text-align: center;\">Na tej Eucharystii do grona Liturgicznej S\u0142u\u017cby O\u0142tarza zosta\u0142 tak\u017ce przyj\u0119ty nowy ministrant, kt\u00f3ry b\u0119dzie ju\u017c m\u00f3g\u0142 ubiera\u0107 kom\u017c\u0119 i sutanell\u0119.<\/p>\n<p class=\"wp-caption-dd\" style=\"text-align: center;\">Na Mszy \u015bw. go\u015bcili\u015bmy tak\u017ce\u00a0ks. Bogdana Drozda z Ko\u015bcio\u0142a Greckokatolickiego, kt\u00f3ry zajmowa\u0142 si\u0119 przygotowaniem muzycznym lektor\u00f3w. Dotychczasowi ministranci ofiarowali naszej parafii komplet nowych lekcjonarzy, kt\u00f3re b\u0119d\u0105 u\u017cywane w trakcie codziennych modlitw.<\/p>\n<p><a href=\"http:\/\/www.mbnp.archidiecezja.wroc.pl\/wp-content\/uploads\/2016\/06\/P6056515-1024x768-e1465196284380.jpg\" rel=\"lightbox[1670]\"><img decoding=\"async\" loading=\"lazy\" class=\"size-large wp-image-1671 aligncenter\" src=\"http:\/\/www.mbnp.archidiecezja.wroc.pl\/wp-content\/uploads\/2016\/06\/P6056515-1024x768-1024x768.jpg\" alt=\"OLYMPUS DIGITAL CAMERA\" width=\"648\" height=\"486\" \/><\/a><\/p>\n<p class=\"wp-caption-dd\" style=\"text-align: center;\"><a href=\"http:\/\/www.mbnp.archidiecezja.wroc.pl\/?page_id=409&amp;album=6292975181829888001\">GALERIA<\/a><\/p>\n","protected":false},"excerpt":{"rendered":"<p>W pierwsz\u0105 niedziel\u0119 czerwca nasza wsp\u00f3lnota parafialna wzbogaci\u0142a si\u0119 o nowych lektor\u00f3w.\u00a0Uroczysta Msza \u015bw.\u00a0o godz. 12.30 ukoronowa\u0142a\u00a0rok przygotowa\u0144 do przyj\u0119cia tej funkcji. W trakcie tego okresu dotychczasowi ministranci mieli zaj\u0119cia &#8230;<\/p>\n","protected":false},"author":7,"featured_media":0,"comment_status":"closed","ping_status":"open","sticky":false,"template":"","format":"standard","meta":[],"categories":[10],"tags":[],"_links":{"self":[{"href":"http:\/\/www.mbnp.archidiecezja.wroc.pl\/index.php?rest_route=\/wp\/v2\/posts\/1670"}],"collection":[{"href":"http:\/\/www.mbnp.archidiecezja.wroc.pl\/index.php?rest_route=\/wp\/v2\/posts"}],"about":[{"href":"http:\/\/www.mbnp.archidiecezja.wroc.pl\/index.php?rest_route=\/wp\/v2\/types\/post"}],"author":[{"embeddable":true,"href":"http:\/\/www.mbnp.archidiecezja.wroc.pl\/index.php?rest_route=\/wp\/v2\/users\/7"}],"replies":[{"embeddable":true,"href":"http:\/\/www.mbnp.archidiecezja.wroc.pl\/index.php?rest_route=%2Fwp%2Fv2%2Fcomments&post=1670"}],"version-history":[{"count":2,"href":"http:\/\/www.mbnp.archidiecezja.wroc.pl\/index.php?rest_route=\/wp\/v2\/posts\/1670\/revisions"}],"predecessor-version":[{"id":1673,"href":"http:\/\/www.mbnp.archidiecezja.wroc.pl\/index.php?rest_route=\/wp\/v2\/posts\/1670\/revisions\/1673"}],"wp:attachment":[{"href":"http:\/\/www.mbnp.archidiecezja.wroc.pl\/index.php?rest_route=%2Fwp%2Fv2%2Fmedia&parent=1670"}],"wp:term":[{"taxonomy":"category","embeddable":true,"href":"http:\/\/www.mbnp.archidiecezja.wroc.pl\/index.php?rest_route=%2Fwp%2Fv2%2Fcategories&post=1670"},{"taxonomy":"post_tag","embeddable":true,"href":"http:\/\/www.mbnp.archidiecezja.wroc.pl\/index.php?rest_route=%2Fwp%2Fv2%2Ftags&post=1670"}],"curies":[{"name":"wp","href":"https:\/\/api.w.org\/{rel}","templated":true}]}}