{"id":1646,"date":"2016-06-01T11:45:25","date_gmt":"2016-06-01T09:45:25","guid":{"rendered":"http:\/\/www.mbnp.archidiecezja.wroc.pl\/?p=1646"},"modified":"2016-06-26T11:46:07","modified_gmt":"2016-06-26T09:46:07","slug":"boze-cialo-2","status":"publish","type":"post","link":"http:\/\/www.mbnp.archidiecezja.wroc.pl\/?p=1646","title":{"rendered":"Bo\u017ce Cia\u0142o"},"content":{"rendered":"<p>26 maja obchodzili\u015bmy Uroczysto\u015b\u0107 Bo\u017cego Cia\u0142a. W tym dniu ulicami naszej parafii przesz\u0142a procesja, w trakcie kt\u00f3rej przy czterech o\u0142tarzach oddawali\u015bmy cze\u015b\u0107 i chwa\u0142\u0119 Bogu. Serdecznie dzi\u0119kujemy wsp\u00f3lnotom parafialnym, Liturgicznej S\u0142u\u017cbie O\u0142tarza oraz mieszka\u0144com za liczny udzia\u0142 i pomoc w przygotowaniu tego wielkiego wydarzenia.<\/p>\n<p><a href=\"http:\/\/www.mbnp.archidiecezja.wroc.pl\/wp-content\/uploads\/2016\/06\/DSC07825-1024x681-e1464773773222.jpg\" rel=\"lightbox[1646]\"><img decoding=\"async\" loading=\"lazy\" class=\"size-large wp-image-1642\" src=\"http:\/\/www.mbnp.archidiecezja.wroc.pl\/wp-content\/uploads\/2016\/06\/DSC07825-1024x681-1024x681.jpg\" alt=\"SONY DSC\" width=\"648\" height=\"431\" \/><\/a><\/p>\n<p class=\"wp-caption-dd\">\n<p style=\"text-align: center;\"><a href=\"http:\/\/www.mbnp.archidiecezja.wroc.pl\/?page_id=473&amp;album=6291154027783148273\">GALERIA<\/a><\/p>\n","protected":false},"excerpt":{"rendered":"<p>26 maja obchodzili\u015bmy Uroczysto\u015b\u0107 Bo\u017cego Cia\u0142a. W tym dniu ulicami naszej parafii przesz\u0142a procesja, w trakcie kt\u00f3rej przy czterech o\u0142tarzach oddawali\u015bmy cze\u015b\u0107 i chwa\u0142\u0119 Bogu. Serdecznie dzi\u0119kujemy wsp\u00f3lnotom parafialnym, Liturgicznej &#8230;<\/p>\n","protected":false},"author":7,"featured_media":0,"comment_status":"closed","ping_status":"open","sticky":false,"template":"","format":"standard","meta":[],"categories":[10],"tags":[],"_links":{"self":[{"href":"http:\/\/www.mbnp.archidiecezja.wroc.pl\/index.php?rest_route=\/wp\/v2\/posts\/1646"}],"collection":[{"href":"http:\/\/www.mbnp.archidiecezja.wroc.pl\/index.php?rest_route=\/wp\/v2\/posts"}],"about":[{"href":"http:\/\/www.mbnp.archidiecezja.wroc.pl\/index.php?rest_route=\/wp\/v2\/types\/post"}],"author":[{"embeddable":true,"href":"http:\/\/www.mbnp.archidiecezja.wroc.pl\/index.php?rest_route=\/wp\/v2\/users\/7"}],"replies":[{"embeddable":true,"href":"http:\/\/www.mbnp.archidiecezja.wroc.pl\/index.php?rest_route=%2Fwp%2Fv2%2Fcomments&post=1646"}],"version-history":[{"count":1,"href":"http:\/\/www.mbnp.archidiecezja.wroc.pl\/index.php?rest_route=\/wp\/v2\/posts\/1646\/revisions"}],"predecessor-version":[{"id":1647,"href":"http:\/\/www.mbnp.archidiecezja.wroc.pl\/index.php?rest_route=\/wp\/v2\/posts\/1646\/revisions\/1647"}],"wp:attachment":[{"href":"http:\/\/www.mbnp.archidiecezja.wroc.pl\/index.php?rest_route=%2Fwp%2Fv2%2Fmedia&parent=1646"}],"wp:term":[{"taxonomy":"category","embeddable":true,"href":"http:\/\/www.mbnp.archidiecezja.wroc.pl\/index.php?rest_route=%2Fwp%2Fv2%2Fcategories&post=1646"},{"taxonomy":"post_tag","embeddable":true,"href":"http:\/\/www.mbnp.archidiecezja.wroc.pl\/index.php?rest_route=%2Fwp%2Fv2%2Ftags&post=1646"}],"curies":[{"name":"wp","href":"https:\/\/api.w.org\/{rel}","templated":true}]}}