{"id":1624,"date":"2016-05-23T09:04:40","date_gmt":"2016-05-23T07:04:40","guid":{"rendered":"http:\/\/www.mbnp.archidiecezja.wroc.pl\/?p=1624"},"modified":"2016-06-13T09:52:23","modified_gmt":"2016-06-13T07:52:23","slug":"1624","status":"publish","type":"post","link":"http:\/\/www.mbnp.archidiecezja.wroc.pl\/?p=1624","title":{"rendered":"Zbi\u00f3rka krwi: Oddaj krew &#8211; uratuj \u017cycie!"},"content":{"rendered":"<p>W sobot\u0119 11 czerwca w godz. od 14 do 18 we Wroc\u0142awiu przy ul. Bora Komorowskiego 6 odb\u0119dzie si\u0119 zbi\u00f3rka krwi. Wydarzeniu temu b\u0119d\u0105 towarzyszy\u0107 r\u00f3\u017cne atrakcje. Zapraszamy do wzi\u0119cia udzia\u0142u i oddania krwi.<\/p>\n<p><a href=\"http:\/\/www.mbnp.archidiecezja.wroc.pl\/wp-content\/uploads\/2016\/05\/1-e1463987017556.jpg\" rel=\"lightbox[1624]\"><img decoding=\"async\" loading=\"lazy\" class=\"size-large wp-image-1625 aligncenter\" src=\"http:\/\/www.mbnp.archidiecezja.wroc.pl\/wp-content\/uploads\/2016\/05\/1-729x1024.jpg\" alt=\"1\" width=\"648\" height=\"910\" \/><\/a><\/p>\n","protected":false},"excerpt":{"rendered":"<p>W sobot\u0119 11 czerwca w godz. od 14 do 18 we Wroc\u0142awiu przy ul. Bora Komorowskiego 6 odb\u0119dzie si\u0119 zbi\u00f3rka krwi. Wydarzeniu temu b\u0119d\u0105 towarzyszy\u0107 r\u00f3\u017cne atrakcje. Zapraszamy do wzi\u0119cia &#8230;<\/p>\n","protected":false},"author":7,"featured_media":0,"comment_status":"closed","ping_status":"open","sticky":false,"template":"","format":"standard","meta":[],"categories":[10],"tags":[],"_links":{"self":[{"href":"http:\/\/www.mbnp.archidiecezja.wroc.pl\/index.php?rest_route=\/wp\/v2\/posts\/1624"}],"collection":[{"href":"http:\/\/www.mbnp.archidiecezja.wroc.pl\/index.php?rest_route=\/wp\/v2\/posts"}],"about":[{"href":"http:\/\/www.mbnp.archidiecezja.wroc.pl\/index.php?rest_route=\/wp\/v2\/types\/post"}],"author":[{"embeddable":true,"href":"http:\/\/www.mbnp.archidiecezja.wroc.pl\/index.php?rest_route=\/wp\/v2\/users\/7"}],"replies":[{"embeddable":true,"href":"http:\/\/www.mbnp.archidiecezja.wroc.pl\/index.php?rest_route=%2Fwp%2Fv2%2Fcomments&post=1624"}],"version-history":[{"count":4,"href":"http:\/\/www.mbnp.archidiecezja.wroc.pl\/index.php?rest_route=\/wp\/v2\/posts\/1624\/revisions"}],"predecessor-version":[{"id":1629,"href":"http:\/\/www.mbnp.archidiecezja.wroc.pl\/index.php?rest_route=\/wp\/v2\/posts\/1624\/revisions\/1629"}],"wp:attachment":[{"href":"http:\/\/www.mbnp.archidiecezja.wroc.pl\/index.php?rest_route=%2Fwp%2Fv2%2Fmedia&parent=1624"}],"wp:term":[{"taxonomy":"category","embeddable":true,"href":"http:\/\/www.mbnp.archidiecezja.wroc.pl\/index.php?rest_route=%2Fwp%2Fv2%2Fcategories&post=1624"},{"taxonomy":"post_tag","embeddable":true,"href":"http:\/\/www.mbnp.archidiecezja.wroc.pl\/index.php?rest_route=%2Fwp%2Fv2%2Ftags&post=1624"}],"curies":[{"name":"wp","href":"https:\/\/api.w.org\/{rel}","templated":true}]}}