{"id":1597,"date":"2016-05-18T16:59:35","date_gmt":"2016-05-18T14:59:35","guid":{"rendered":"http:\/\/www.mbnp.archidiecezja.wroc.pl\/?p=1597"},"modified":"2016-06-18T16:51:03","modified_gmt":"2016-06-18T14:51:03","slug":"bierzmowanie-15-05-2016","status":"publish","type":"post","link":"http:\/\/www.mbnp.archidiecezja.wroc.pl\/?p=1597","title":{"rendered":"Bierzmowanie &#8211; 15.05.2016"},"content":{"rendered":"<p style=\"text-align: left;\">W Niedziel\u0119 Zes\u0142ania Ducha \u015awi\u0119tego prze\u017cywali\u015bmy w naszej wsp\u00f3lnocie bierzmowanie. Sakramentu dojrza\u0142o\u015bci chrze\u015bcija\u0144skiej udzieli\u0142 abp Marian Go\u0142\u0119biewski. W homilii skierowanej do m\u0142odzie\u017cy i ich rodzin prosi\u0142: &#8222;Wzywajcie cz\u0119sto Ducha \u015awi\u0119tego. Zaprzyja\u017anijcie si\u0119 z Nim. Kiedy b\u0119dzie Wam trudno, b\u0119dziecie mieli problem, m\u00f3wcie: <em>Przyjd\u017a Duchu \u015awi\u0119ty<\/em>&#8222;. Do sakramentu bierzmowania przyst\u0105pi\u0142o w tym roku 58 os\u00f3b, kt\u00f3re przez dwa lata pod opiek\u0105 ks. Tomasza G\u0142odowicza przygotowywa\u0142y si\u0119 do tego wydarzenia.<\/p>\n<p><a href=\"http:\/\/www.mbnp.archidiecezja.wroc.pl\/wp-content\/uploads\/2016\/05\/DSC07636-1024x681-e1463583542906.jpg\" rel=\"lightbox[1597]\"><img decoding=\"async\" loading=\"lazy\" class=\"wp-image-1600 size-large aligncenter\" src=\"http:\/\/www.mbnp.archidiecezja.wroc.pl\/wp-content\/uploads\/2016\/05\/DSC07636-1024x681-1024x681.jpg\" alt=\"SONY DSC\" width=\"648\" height=\"431\" \/><\/a><\/p>\n<p style=\"text-align: center;\"><a href=\"http:\/\/www.mbnp.archidiecezja.wroc.pl\/?page_id=473&amp;album=6286029990309175697\">GALERIA<\/a><\/p>\n","protected":false},"excerpt":{"rendered":"<p>W Niedziel\u0119 Zes\u0142ania Ducha \u015awi\u0119tego prze\u017cywali\u015bmy w naszej wsp\u00f3lnocie bierzmowanie. Sakramentu dojrza\u0142o\u015bci chrze\u015bcija\u0144skiej udzieli\u0142 abp Marian Go\u0142\u0119biewski. W homilii skierowanej do m\u0142odzie\u017cy i ich rodzin prosi\u0142: &#8222;Wzywajcie cz\u0119sto Ducha \u015awi\u0119tego. &#8230;<\/p>\n","protected":false},"author":7,"featured_media":0,"comment_status":"closed","ping_status":"open","sticky":false,"template":"","format":"standard","meta":[],"categories":[10],"tags":[],"_links":{"self":[{"href":"http:\/\/www.mbnp.archidiecezja.wroc.pl\/index.php?rest_route=\/wp\/v2\/posts\/1597"}],"collection":[{"href":"http:\/\/www.mbnp.archidiecezja.wroc.pl\/index.php?rest_route=\/wp\/v2\/posts"}],"about":[{"href":"http:\/\/www.mbnp.archidiecezja.wroc.pl\/index.php?rest_route=\/wp\/v2\/types\/post"}],"author":[{"embeddable":true,"href":"http:\/\/www.mbnp.archidiecezja.wroc.pl\/index.php?rest_route=\/wp\/v2\/users\/7"}],"replies":[{"embeddable":true,"href":"http:\/\/www.mbnp.archidiecezja.wroc.pl\/index.php?rest_route=%2Fwp%2Fv2%2Fcomments&post=1597"}],"version-history":[{"count":4,"href":"http:\/\/www.mbnp.archidiecezja.wroc.pl\/index.php?rest_route=\/wp\/v2\/posts\/1597\/revisions"}],"predecessor-version":[{"id":1606,"href":"http:\/\/www.mbnp.archidiecezja.wroc.pl\/index.php?rest_route=\/wp\/v2\/posts\/1597\/revisions\/1606"}],"wp:attachment":[{"href":"http:\/\/www.mbnp.archidiecezja.wroc.pl\/index.php?rest_route=%2Fwp%2Fv2%2Fmedia&parent=1597"}],"wp:term":[{"taxonomy":"category","embeddable":true,"href":"http:\/\/www.mbnp.archidiecezja.wroc.pl\/index.php?rest_route=%2Fwp%2Fv2%2Fcategories&post=1597"},{"taxonomy":"post_tag","embeddable":true,"href":"http:\/\/www.mbnp.archidiecezja.wroc.pl\/index.php?rest_route=%2Fwp%2Fv2%2Ftags&post=1597"}],"curies":[{"name":"wp","href":"https:\/\/api.w.org\/{rel}","templated":true}]}}