{"id":1585,"date":"2016-05-18T16:15:18","date_gmt":"2016-05-18T14:15:18","guid":{"rendered":"http:\/\/www.mbnp.archidiecezja.wroc.pl\/?p=1585"},"modified":"2016-06-18T16:08:58","modified_gmt":"2016-06-18T14:08:58","slug":"nabozenstwo-fatimskie","status":"publish","type":"post","link":"http:\/\/www.mbnp.archidiecezja.wroc.pl\/?p=1585","title":{"rendered":"Nabo\u017ce\u0144stwo Fatimskie"},"content":{"rendered":"<p>13 maj 2016 r. na zawsze przejdzie do historii naszej parafii, bowiem w tym dniu zainaugurowali\u015bmy nabo\u017ce\u0144stwa fatimskie. Uroczystej Mszy \u015bw. przewodniczy\u0142 bp Jacek Kici\u0144ski, kt\u00f3ry te\u017c\u00a0wyg\u0142osi\u0142 homili\u0119\u00a0do licznie zgromadzonych parafian. Po Eucharystii ruszy\u0142a procesja, w trakcie kt\u00f3rej towarzyszy\u0142a nam modlitwa r\u00f3\u017ca\u0144cowa, jak i \u015bpiewy do Matki Bo\u017cej. Na zako\u0144czenie nabo\u017ce\u0144stwa zosta\u0142o po\u015bwi\u0119cone miejsce, na kt\u00f3rym b\u0119dzie na co dzie\u0144 przebywa\u0142a figurka Matki Bo\u017cej Fatimskiej.<\/p>\n<p><a href=\"http:\/\/www.mbnp.archidiecezja.wroc.pl\/wp-content\/uploads\/2016\/05\/DSC07312-681x1024-e1463580810456.jpg\" rel=\"lightbox[1585]\"><img decoding=\"async\" loading=\"lazy\" class=\"aligncenter wp-image-1586 size-medium\" src=\"http:\/\/www.mbnp.archidiecezja.wroc.pl\/wp-content\/uploads\/2016\/05\/DSC07312-681x1024-200x300.jpg\" alt=\"SONY DSC\" width=\"200\" height=\"300\" \/><\/a><\/p>\n<p style=\"text-align: center;\">\u00a0<a href=\"http:\/\/www.mbnp.archidiecezja.wroc.pl\/?page_id=473&amp;album=6286029211976702897\">GALERIA<\/a><\/p>\n","protected":false},"excerpt":{"rendered":"<p>13 maj 2016 r. na zawsze przejdzie do historii naszej parafii, bowiem w tym dniu zainaugurowali\u015bmy nabo\u017ce\u0144stwa fatimskie. Uroczystej Mszy \u015bw. przewodniczy\u0142 bp Jacek Kici\u0144ski, kt\u00f3ry te\u017c\u00a0wyg\u0142osi\u0142 homili\u0119\u00a0do licznie zgromadzonych &#8230;<\/p>\n","protected":false},"author":7,"featured_media":0,"comment_status":"closed","ping_status":"open","sticky":false,"template":"","format":"standard","meta":[],"categories":[10],"tags":[],"_links":{"self":[{"href":"http:\/\/www.mbnp.archidiecezja.wroc.pl\/index.php?rest_route=\/wp\/v2\/posts\/1585"}],"collection":[{"href":"http:\/\/www.mbnp.archidiecezja.wroc.pl\/index.php?rest_route=\/wp\/v2\/posts"}],"about":[{"href":"http:\/\/www.mbnp.archidiecezja.wroc.pl\/index.php?rest_route=\/wp\/v2\/types\/post"}],"author":[{"embeddable":true,"href":"http:\/\/www.mbnp.archidiecezja.wroc.pl\/index.php?rest_route=\/wp\/v2\/users\/7"}],"replies":[{"embeddable":true,"href":"http:\/\/www.mbnp.archidiecezja.wroc.pl\/index.php?rest_route=%2Fwp%2Fv2%2Fcomments&post=1585"}],"version-history":[{"count":2,"href":"http:\/\/www.mbnp.archidiecezja.wroc.pl\/index.php?rest_route=\/wp\/v2\/posts\/1585\/revisions"}],"predecessor-version":[{"id":1588,"href":"http:\/\/www.mbnp.archidiecezja.wroc.pl\/index.php?rest_route=\/wp\/v2\/posts\/1585\/revisions\/1588"}],"wp:attachment":[{"href":"http:\/\/www.mbnp.archidiecezja.wroc.pl\/index.php?rest_route=%2Fwp%2Fv2%2Fmedia&parent=1585"}],"wp:term":[{"taxonomy":"category","embeddable":true,"href":"http:\/\/www.mbnp.archidiecezja.wroc.pl\/index.php?rest_route=%2Fwp%2Fv2%2Fcategories&post=1585"},{"taxonomy":"post_tag","embeddable":true,"href":"http:\/\/www.mbnp.archidiecezja.wroc.pl\/index.php?rest_route=%2Fwp%2Fv2%2Ftags&post=1585"}],"curies":[{"name":"wp","href":"https:\/\/api.w.org\/{rel}","templated":true}]}}