{"id":1580,"date":"2016-05-10T17:36:26","date_gmt":"2016-05-10T15:36:26","guid":{"rendered":"http:\/\/www.mbnp.archidiecezja.wroc.pl\/?p=1580"},"modified":"2016-06-10T17:37:03","modified_gmt":"2016-06-10T15:37:03","slug":"1580","status":"publish","type":"post","link":"http:\/\/www.mbnp.archidiecezja.wroc.pl\/?p=1580","title":{"rendered":"POLA NADZIEI &#8211; kwesta na rzecz &#8222;Wroc\u0142awskiego Hospicjum dla Dzieci&#8221;"},"content":{"rendered":"<p style=\"text-align: center;\"><strong>8 maja, w naszej Parafii, m\u0142odzie\u017c z ZS nr 3 kwestowa\u0142a na rzecz &#8222;Wroc\u0142awskiego Hospicjum dla Dzieci&#8221;<\/strong> w ramach projektu POLA NADZIEI. Projekt ma na celu wsparcie finansowe hospicjum dzieci\u0119cego, ale tak\u017ce propagowanie idei niesienia bezinteresownej pomocy.\u00a0Jak co roku inicjatywa ta spotka\u0142a si\u0119 z niezwyk\u0142\u0105\u00a0ofiarno\u015bci\u0105 naszych Parafian. Zebrane \u015brodki zostan\u0105 przekazane na leczenie, rehabilitacj\u0119 i piel\u0119gnacj\u0119 ma\u0142ych pacjent\u00f3w hospicjum.<\/p>\n<p style=\"text-align: center;\"><strong>Sk\u0142adamy serdeczne podzi\u0119kowania dla parafian za wsparcie tej inicjatywy i informujemy, i\u017c zosta\u0142o zebranych 2 279,98 PLN.<\/strong><\/p>\n<h3 style=\"text-align: center;\"><a href=\"http:\/\/www.mbnp.archidiecezja.wroc.pl\/?page_id=473&amp;album=6285681312042706369\">GALERIA<\/a><\/h3>\n<p><a href=\"http:\/\/www.mbnp.archidiecezja.wroc.pl\/wp-content\/uploads\/2016\/05\/DSCN6607.jpg\" rel=\"lightbox[1580]\"><img decoding=\"async\" loading=\"lazy\" class=\"aligncenter wp-image-1581 size-full\" src=\"http:\/\/www.mbnp.archidiecezja.wroc.pl\/wp-content\/uploads\/2016\/05\/DSCN6607.jpg\" alt=\"DSCN6607\" width=\"691\" height=\"922\" \/><\/a><\/p>\n","protected":false},"excerpt":{"rendered":"<p>8 maja, w naszej Parafii, m\u0142odzie\u017c z ZS nr 3 kwestowa\u0142a na rzecz &#8222;Wroc\u0142awskiego Hospicjum dla Dzieci&#8221; w ramach projektu POLA NADZIEI. Projekt ma na celu wsparcie finansowe hospicjum dzieci\u0119cego, &#8230;<\/p>\n","protected":false},"author":7,"featured_media":0,"comment_status":"closed","ping_status":"open","sticky":false,"template":"","format":"standard","meta":[],"categories":[10],"tags":[],"_links":{"self":[{"href":"http:\/\/www.mbnp.archidiecezja.wroc.pl\/index.php?rest_route=\/wp\/v2\/posts\/1580"}],"collection":[{"href":"http:\/\/www.mbnp.archidiecezja.wroc.pl\/index.php?rest_route=\/wp\/v2\/posts"}],"about":[{"href":"http:\/\/www.mbnp.archidiecezja.wroc.pl\/index.php?rest_route=\/wp\/v2\/types\/post"}],"author":[{"embeddable":true,"href":"http:\/\/www.mbnp.archidiecezja.wroc.pl\/index.php?rest_route=\/wp\/v2\/users\/7"}],"replies":[{"embeddable":true,"href":"http:\/\/www.mbnp.archidiecezja.wroc.pl\/index.php?rest_route=%2Fwp%2Fv2%2Fcomments&post=1580"}],"version-history":[{"count":4,"href":"http:\/\/www.mbnp.archidiecezja.wroc.pl\/index.php?rest_route=\/wp\/v2\/posts\/1580\/revisions"}],"predecessor-version":[{"id":1610,"href":"http:\/\/www.mbnp.archidiecezja.wroc.pl\/index.php?rest_route=\/wp\/v2\/posts\/1580\/revisions\/1610"}],"wp:attachment":[{"href":"http:\/\/www.mbnp.archidiecezja.wroc.pl\/index.php?rest_route=%2Fwp%2Fv2%2Fmedia&parent=1580"}],"wp:term":[{"taxonomy":"category","embeddable":true,"href":"http:\/\/www.mbnp.archidiecezja.wroc.pl\/index.php?rest_route=%2Fwp%2Fv2%2Fcategories&post=1580"},{"taxonomy":"post_tag","embeddable":true,"href":"http:\/\/www.mbnp.archidiecezja.wroc.pl\/index.php?rest_route=%2Fwp%2Fv2%2Ftags&post=1580"}],"curies":[{"name":"wp","href":"https:\/\/api.w.org\/{rel}","templated":true}]}}