{"id":1566,"date":"2016-05-09T15:50:05","date_gmt":"2016-05-09T13:50:05","guid":{"rendered":"http:\/\/www.mbnp.archidiecezja.wroc.pl\/?p=1566"},"modified":"2016-06-09T15:43:03","modified_gmt":"2016-06-09T13:43:03","slug":"pozytywny-doping-czyli-ministranci-na-meczu-slaska-wroclaw","status":"publish","type":"post","link":"http:\/\/www.mbnp.archidiecezja.wroc.pl\/?p=1566","title":{"rendered":"Pozytywny doping &#8211; czyli ministranci na meczu \u015al\u0105ska Wroc\u0142aw"},"content":{"rendered":"<p style=\"text-align: center;\">W pierwsz\u0105 sobot\u0119 maja ministranci wraz ze swoimi rodzinami i swoim opiekunem ks. Piotrem udali si\u0119 na mecz \u015al\u0105ska Wroc\u0142aw z Termalic\u0105 Bruk-Bet Nieciecz\u0105. Pojedynek zako\u0144czy\u0142 si\u0119 zwyci\u0119stwem gospodarzy w stosunku 2:1.<\/p>\n<p><a href=\"http:\/\/www.mbnp.archidiecezja.wroc.pl\/wp-content\/uploads\/2016\/05\/20160507_172622-1024x576-e1462801588203.jpg\" rel=\"lightbox[1566]\"><img decoding=\"async\" loading=\"lazy\" class=\"size-medium wp-image-1567 aligncenter\" src=\"http:\/\/www.mbnp.archidiecezja.wroc.pl\/wp-content\/uploads\/2016\/05\/20160507_172622-1024x576-300x169.jpg\" alt=\"20160507_172622 (1024x576)\" width=\"300\" height=\"169\" \/><\/a><\/p>\n<p style=\"text-align: center;\"><a href=\"http:\/\/www.mbnp.archidiecezja.wroc.pl\/?page_id=409&amp;album=6282686624779261409\">GALERIA<\/a><\/p>\n<p>&nbsp;<\/p>\n","protected":false},"excerpt":{"rendered":"<p>W pierwsz\u0105 sobot\u0119 maja ministranci wraz ze swoimi rodzinami i swoim opiekunem ks. Piotrem udali si\u0119 na mecz \u015al\u0105ska Wroc\u0142aw z Termalic\u0105 Bruk-Bet Nieciecz\u0105. Pojedynek zako\u0144czy\u0142 si\u0119 zwyci\u0119stwem gospodarzy w &#8230;<\/p>\n","protected":false},"author":7,"featured_media":0,"comment_status":"closed","ping_status":"open","sticky":false,"template":"","format":"standard","meta":[],"categories":[10],"tags":[],"_links":{"self":[{"href":"http:\/\/www.mbnp.archidiecezja.wroc.pl\/index.php?rest_route=\/wp\/v2\/posts\/1566"}],"collection":[{"href":"http:\/\/www.mbnp.archidiecezja.wroc.pl\/index.php?rest_route=\/wp\/v2\/posts"}],"about":[{"href":"http:\/\/www.mbnp.archidiecezja.wroc.pl\/index.php?rest_route=\/wp\/v2\/types\/post"}],"author":[{"embeddable":true,"href":"http:\/\/www.mbnp.archidiecezja.wroc.pl\/index.php?rest_route=\/wp\/v2\/users\/7"}],"replies":[{"embeddable":true,"href":"http:\/\/www.mbnp.archidiecezja.wroc.pl\/index.php?rest_route=%2Fwp%2Fv2%2Fcomments&post=1566"}],"version-history":[{"count":3,"href":"http:\/\/www.mbnp.archidiecezja.wroc.pl\/index.php?rest_route=\/wp\/v2\/posts\/1566\/revisions"}],"predecessor-version":[{"id":1571,"href":"http:\/\/www.mbnp.archidiecezja.wroc.pl\/index.php?rest_route=\/wp\/v2\/posts\/1566\/revisions\/1571"}],"wp:attachment":[{"href":"http:\/\/www.mbnp.archidiecezja.wroc.pl\/index.php?rest_route=%2Fwp%2Fv2%2Fmedia&parent=1566"}],"wp:term":[{"taxonomy":"category","embeddable":true,"href":"http:\/\/www.mbnp.archidiecezja.wroc.pl\/index.php?rest_route=%2Fwp%2Fv2%2Fcategories&post=1566"},{"taxonomy":"post_tag","embeddable":true,"href":"http:\/\/www.mbnp.archidiecezja.wroc.pl\/index.php?rest_route=%2Fwp%2Fv2%2Ftags&post=1566"}],"curies":[{"name":"wp","href":"https:\/\/api.w.org\/{rel}","templated":true}]}}