{"id":1560,"date":"2016-05-04T21:02:11","date_gmt":"2016-05-04T19:02:11","guid":{"rendered":"http:\/\/www.mbnp.archidiecezja.wroc.pl\/?p=1560"},"modified":"2016-05-13T18:54:29","modified_gmt":"2016-05-13T16:54:29","slug":"nabozenstwo-fatimskie-13-v-2016-g-18-00","status":"publish","type":"post","link":"http:\/\/www.mbnp.archidiecezja.wroc.pl\/?p=1560","title":{"rendered":"NABO\u017bE\u0143STWO FATIMSKIE &#8211; 13.V.2016 g. 18.00"},"content":{"rendered":"<p style=\"text-align: center;\">Zapraszamy na pierwsze nabo\u017ce\u0144stwo fatimskie, kt\u00f3re zostanie odprawione w naszej parafii<\/p>\n<p style=\"text-align: center;\">13 maja (pi\u0105tek) o godz. 18.00. Mszy \u015bw. i nabo\u017ce\u0144stwu b\u0119dzie przewodniczy\u0142 bp. Jacek Kici\u0144ski.<\/p>\n<p><a href=\"http:\/\/www.mbnp.archidiecezja.wroc.pl\/wp-content\/uploads\/2016\/05\/obraz.jpg\" rel=\"lightbox[1560]\"><img decoding=\"async\" loading=\"lazy\" class=\"size-medium wp-image-1561 aligncenter\" src=\"http:\/\/www.mbnp.archidiecezja.wroc.pl\/wp-content\/uploads\/2016\/05\/obraz-200x300.jpg\" alt=\"obraz\" width=\"200\" height=\"300\" \/><\/a><\/p>\n<p>&nbsp;<\/p>\n<p>&nbsp;<\/p>\n","protected":false},"excerpt":{"rendered":"<p>Zapraszamy na pierwsze nabo\u017ce\u0144stwo fatimskie, kt\u00f3re zostanie odprawione w naszej parafii 13 maja (pi\u0105tek) o godz. 18.00. Mszy \u015bw. i nabo\u017ce\u0144stwu b\u0119dzie przewodniczy\u0142 bp. Jacek Kici\u0144ski. &nbsp; &nbsp;<\/p>\n","protected":false},"author":7,"featured_media":0,"comment_status":"closed","ping_status":"open","sticky":false,"template":"","format":"standard","meta":[],"categories":[10],"tags":[],"_links":{"self":[{"href":"http:\/\/www.mbnp.archidiecezja.wroc.pl\/index.php?rest_route=\/wp\/v2\/posts\/1560"}],"collection":[{"href":"http:\/\/www.mbnp.archidiecezja.wroc.pl\/index.php?rest_route=\/wp\/v2\/posts"}],"about":[{"href":"http:\/\/www.mbnp.archidiecezja.wroc.pl\/index.php?rest_route=\/wp\/v2\/types\/post"}],"author":[{"embeddable":true,"href":"http:\/\/www.mbnp.archidiecezja.wroc.pl\/index.php?rest_route=\/wp\/v2\/users\/7"}],"replies":[{"embeddable":true,"href":"http:\/\/www.mbnp.archidiecezja.wroc.pl\/index.php?rest_route=%2Fwp%2Fv2%2Fcomments&post=1560"}],"version-history":[{"count":1,"href":"http:\/\/www.mbnp.archidiecezja.wroc.pl\/index.php?rest_route=\/wp\/v2\/posts\/1560\/revisions"}],"predecessor-version":[{"id":1562,"href":"http:\/\/www.mbnp.archidiecezja.wroc.pl\/index.php?rest_route=\/wp\/v2\/posts\/1560\/revisions\/1562"}],"wp:attachment":[{"href":"http:\/\/www.mbnp.archidiecezja.wroc.pl\/index.php?rest_route=%2Fwp%2Fv2%2Fmedia&parent=1560"}],"wp:term":[{"taxonomy":"category","embeddable":true,"href":"http:\/\/www.mbnp.archidiecezja.wroc.pl\/index.php?rest_route=%2Fwp%2Fv2%2Fcategories&post=1560"},{"taxonomy":"post_tag","embeddable":true,"href":"http:\/\/www.mbnp.archidiecezja.wroc.pl\/index.php?rest_route=%2Fwp%2Fv2%2Ftags&post=1560"}],"curies":[{"name":"wp","href":"https:\/\/api.w.org\/{rel}","templated":true}]}}