{"id":1553,"date":"2016-05-04T16:41:46","date_gmt":"2016-05-04T14:41:46","guid":{"rendered":"http:\/\/www.mbnp.archidiecezja.wroc.pl\/?p=1553"},"modified":"2016-05-09T16:44:33","modified_gmt":"2016-05-09T14:44:33","slug":"zaproszenie-do-kina","status":"publish","type":"post","link":"http:\/\/www.mbnp.archidiecezja.wroc.pl\/?p=1553","title":{"rendered":"Zaproszenie do kina"},"content":{"rendered":"<p>W kinach zadebiutowa\u0142 film &#8222;M\u0142ody Mesjasz&#8221;, opowie\u015b\u0107 o niezwyk\u0142ych wydarzeniach z \u017cycia siedmioletniego Jezusa. Od czas\u00f3w &#8222;Pasji&#8221; (jak zapewniaj\u0105 tw\u00f3rcy) nie by\u0142o jeszcze filmu, kt\u00f3ry mia\u0142by szans\u0119 a\u017c tak poruszy\u0107 ludzkie serca. Zach\u0119camy do wsp\u00f3lnego wybrania si\u0119 do kina Helios w Magnolii w poniedzia\u0142ek 09 maja o godz. 19. Zapisy w zakrystii. Koszt wyj\u015bcia 12 z\u0142.<\/p>\n<p><a href=\"http:\/\/www.mbnp.archidiecezja.wroc.pl\/wp-content\/uploads\/2016\/05\/plakat_mesjasz_maly.jpg\" rel=\"lightbox[1553]\"><img decoding=\"async\" loading=\"lazy\" class=\"size-medium wp-image-1557 aligncenter\" src=\"http:\/\/www.mbnp.archidiecezja.wroc.pl\/wp-content\/uploads\/2016\/05\/plakat_mesjasz_maly-203x300.jpg\" alt=\"plakat_mesjasz_maly\" width=\"203\" height=\"300\" \/><\/a><\/p>\n<p><iframe loading=\"lazy\" src=\"https:\/\/www.youtube.com\/embed\/uLmOOwT6DzM\" width=\"560\" height=\"315\" frameborder=\"0\" allowfullscreen=\"allowfullscreen\"><\/iframe><\/p>\n<p>&nbsp;<\/p>\n<p>&nbsp;<\/p>\n","protected":false},"excerpt":{"rendered":"<p>W kinach zadebiutowa\u0142 film &#8222;M\u0142ody Mesjasz&#8221;, opowie\u015b\u0107 o niezwyk\u0142ych wydarzeniach z \u017cycia siedmioletniego Jezusa. Od czas\u00f3w &#8222;Pasji&#8221; (jak zapewniaj\u0105 tw\u00f3rcy) nie by\u0142o jeszcze filmu, kt\u00f3ry mia\u0142by szans\u0119 a\u017c tak poruszy\u0107 &#8230;<\/p>\n","protected":false},"author":7,"featured_media":0,"comment_status":"closed","ping_status":"open","sticky":false,"template":"","format":"standard","meta":[],"categories":[10],"tags":[],"_links":{"self":[{"href":"http:\/\/www.mbnp.archidiecezja.wroc.pl\/index.php?rest_route=\/wp\/v2\/posts\/1553"}],"collection":[{"href":"http:\/\/www.mbnp.archidiecezja.wroc.pl\/index.php?rest_route=\/wp\/v2\/posts"}],"about":[{"href":"http:\/\/www.mbnp.archidiecezja.wroc.pl\/index.php?rest_route=\/wp\/v2\/types\/post"}],"author":[{"embeddable":true,"href":"http:\/\/www.mbnp.archidiecezja.wroc.pl\/index.php?rest_route=\/wp\/v2\/users\/7"}],"replies":[{"embeddable":true,"href":"http:\/\/www.mbnp.archidiecezja.wroc.pl\/index.php?rest_route=%2Fwp%2Fv2%2Fcomments&post=1553"}],"version-history":[{"count":5,"href":"http:\/\/www.mbnp.archidiecezja.wroc.pl\/index.php?rest_route=\/wp\/v2\/posts\/1553\/revisions"}],"predecessor-version":[{"id":1558,"href":"http:\/\/www.mbnp.archidiecezja.wroc.pl\/index.php?rest_route=\/wp\/v2\/posts\/1553\/revisions\/1558"}],"wp:attachment":[{"href":"http:\/\/www.mbnp.archidiecezja.wroc.pl\/index.php?rest_route=%2Fwp%2Fv2%2Fmedia&parent=1553"}],"wp:term":[{"taxonomy":"category","embeddable":true,"href":"http:\/\/www.mbnp.archidiecezja.wroc.pl\/index.php?rest_route=%2Fwp%2Fv2%2Fcategories&post=1553"},{"taxonomy":"post_tag","embeddable":true,"href":"http:\/\/www.mbnp.archidiecezja.wroc.pl\/index.php?rest_route=%2Fwp%2Fv2%2Ftags&post=1553"}],"curies":[{"name":"wp","href":"https:\/\/api.w.org\/{rel}","templated":true}]}}