{"id":1536,"date":"2016-04-28T09:26:57","date_gmt":"2016-04-28T07:26:57","guid":{"rendered":"http:\/\/www.mbnp.archidiecezja.wroc.pl\/?p=1536"},"modified":"2016-05-28T09:20:02","modified_gmt":"2016-05-28T07:20:02","slug":"pielgrzymka-ministrantow-do-krakowa","status":"publish","type":"post","link":"http:\/\/www.mbnp.archidiecezja.wroc.pl\/?p=1536","title":{"rendered":"Pielgrzymka ministrant\u00f3w do Krakowa"},"content":{"rendered":"<p style=\"text-align: center;\">23.IV.2016 r. ministranci wraz ze swoim opiekunem ks. Piotrem Sierzchu\u0142\u0105 pielgrzymowali do sanktuarium Bo\u017cego Mi\u0142osierdzia w Krakowie. Opr\u00f3cz modlitwy w \u0141agiewnikach ministranci uczestniczyli we Mszy \u015bw. w Centrum im. Jana Paw\u0142a II, zwiedzili Wawel oraz Wieliczk\u0119.<\/p>\n<p><a href=\"http:\/\/www.mbnp.archidiecezja.wroc.pl\/wp-content\/uploads\/2016\/04\/P4236426-768x1024-e1461828253775.jpg\" rel=\"lightbox[1536]\"><img decoding=\"async\" loading=\"lazy\" class=\"wp-image-1537 size-large\" src=\"http:\/\/www.mbnp.archidiecezja.wroc.pl\/wp-content\/uploads\/2016\/04\/P4236426-768x1024-e1461828253775-768x1024.jpg\" alt=\"OLYMPUS DIGITAL CAMERA\" width=\"648\" height=\"864\" \/><\/a><\/p>\n<p class=\"wp-caption-dd\">\n<h3 style=\"text-align: center;\"><a href=\"http:\/\/www.mbnp.archidiecezja.wroc.pl\/?page_id=409&amp;album=6278502917530687185\">GALERIA<\/a><\/h3>\n","protected":false},"excerpt":{"rendered":"<p>23.IV.2016 r. ministranci wraz ze swoim opiekunem ks. Piotrem Sierzchu\u0142\u0105 pielgrzymowali do sanktuarium Bo\u017cego Mi\u0142osierdzia w Krakowie. Opr\u00f3cz modlitwy w \u0141agiewnikach ministranci uczestniczyli we Mszy \u015bw. w Centrum im. Jana &#8230;<\/p>\n","protected":false},"author":7,"featured_media":0,"comment_status":"closed","ping_status":"open","sticky":false,"template":"","format":"standard","meta":[],"categories":[10],"tags":[],"_links":{"self":[{"href":"http:\/\/www.mbnp.archidiecezja.wroc.pl\/index.php?rest_route=\/wp\/v2\/posts\/1536"}],"collection":[{"href":"http:\/\/www.mbnp.archidiecezja.wroc.pl\/index.php?rest_route=\/wp\/v2\/posts"}],"about":[{"href":"http:\/\/www.mbnp.archidiecezja.wroc.pl\/index.php?rest_route=\/wp\/v2\/types\/post"}],"author":[{"embeddable":true,"href":"http:\/\/www.mbnp.archidiecezja.wroc.pl\/index.php?rest_route=\/wp\/v2\/users\/7"}],"replies":[{"embeddable":true,"href":"http:\/\/www.mbnp.archidiecezja.wroc.pl\/index.php?rest_route=%2Fwp%2Fv2%2Fcomments&post=1536"}],"version-history":[{"count":2,"href":"http:\/\/www.mbnp.archidiecezja.wroc.pl\/index.php?rest_route=\/wp\/v2\/posts\/1536\/revisions"}],"predecessor-version":[{"id":1539,"href":"http:\/\/www.mbnp.archidiecezja.wroc.pl\/index.php?rest_route=\/wp\/v2\/posts\/1536\/revisions\/1539"}],"wp:attachment":[{"href":"http:\/\/www.mbnp.archidiecezja.wroc.pl\/index.php?rest_route=%2Fwp%2Fv2%2Fmedia&parent=1536"}],"wp:term":[{"taxonomy":"category","embeddable":true,"href":"http:\/\/www.mbnp.archidiecezja.wroc.pl\/index.php?rest_route=%2Fwp%2Fv2%2Fcategories&post=1536"},{"taxonomy":"post_tag","embeddable":true,"href":"http:\/\/www.mbnp.archidiecezja.wroc.pl\/index.php?rest_route=%2Fwp%2Fv2%2Ftags&post=1536"}],"curies":[{"name":"wp","href":"https:\/\/api.w.org\/{rel}","templated":true}]}}