{"id":1509,"date":"2016-04-06T14:15:33","date_gmt":"2016-04-06T12:15:33","guid":{"rendered":"http:\/\/www.mbnp.archidiecezja.wroc.pl\/?p=1509"},"modified":"2016-05-06T14:09:18","modified_gmt":"2016-05-06T12:09:18","slug":"niedziela-milosierdzia-bozego-patronalne-swieto-caritas","status":"publish","type":"post","link":"http:\/\/www.mbnp.archidiecezja.wroc.pl\/?p=1509","title":{"rendered":"Niedziela Mi\u0142osierdzia Bo\u017cego &#8211; patronalne \u015bwi\u0119to Caritas"},"content":{"rendered":"<p>Zapraszamy do obejrzenia galerii zdj\u0119\u0107 z uroczystej Mszy \u015aw. odprawionej w Niedziel\u0119 Mi\u0142osierdzia Bo\u017cego o godz. 15.00 po\u0142\u0105czonej z wprowadzeniem relikwii \u015bw. s. Faustyny. Poniewa\u017c Niedziela Mi\u0142osierdzia Bo\u017cego jest patronalnym \u015bwi\u0119tem Caritas, dlatego nasz parafialny oddzia\u0142 by\u0142 szczeg\u00f3lnie zaanga\u017cowany w liturgiczn\u0105 opraw\u0119 tej Mszy \u015aw.<\/p>\n<h3 style=\"text-align: center;\"><a href=\"http:\/\/www.mbnp.archidiecezja.wroc.pl\/?page_id=473&amp;album=2016PZCNiedzielaMiOsierdziaBozegoPatronalneSwietoCaritas3042016\">GALERIA<\/a><\/h3>\n<p>&nbsp;<\/p>\n<p><a href=\"http:\/\/www.mbnp.archidiecezja.wroc.pl\/wp-content\/uploads\/2016\/04\/DSCN6154.jpg\" rel=\"lightbox[1509]\"><img decoding=\"async\" loading=\"lazy\" class=\"aligncenter wp-image-1510\" src=\"http:\/\/www.mbnp.archidiecezja.wroc.pl\/wp-content\/uploads\/2016\/04\/DSCN6154.jpg\" alt=\"DSCN6154\" width=\"600\" height=\"450\" srcset=\"http:\/\/www.mbnp.archidiecezja.wroc.pl\/wp-content\/uploads\/2016\/04\/DSCN6154.jpg 922w, http:\/\/www.mbnp.archidiecezja.wroc.pl\/wp-content\/uploads\/2016\/04\/DSCN6154-300x225.jpg 300w\" sizes=\"(max-width: 600px) 100vw, 600px\" \/><\/a><\/p>\n","protected":false},"excerpt":{"rendered":"<p>Zapraszamy do obejrzenia galerii zdj\u0119\u0107 z uroczystej Mszy \u015aw. odprawionej w Niedziel\u0119 Mi\u0142osierdzia Bo\u017cego o godz. 15.00 po\u0142\u0105czonej z wprowadzeniem relikwii \u015bw. s. Faustyny. Poniewa\u017c Niedziela Mi\u0142osierdzia Bo\u017cego jest patronalnym &#8230;<\/p>\n","protected":false},"author":7,"featured_media":0,"comment_status":"closed","ping_status":"open","sticky":false,"template":"","format":"standard","meta":[],"categories":[10],"tags":[],"_links":{"self":[{"href":"http:\/\/www.mbnp.archidiecezja.wroc.pl\/index.php?rest_route=\/wp\/v2\/posts\/1509"}],"collection":[{"href":"http:\/\/www.mbnp.archidiecezja.wroc.pl\/index.php?rest_route=\/wp\/v2\/posts"}],"about":[{"href":"http:\/\/www.mbnp.archidiecezja.wroc.pl\/index.php?rest_route=\/wp\/v2\/types\/post"}],"author":[{"embeddable":true,"href":"http:\/\/www.mbnp.archidiecezja.wroc.pl\/index.php?rest_route=\/wp\/v2\/users\/7"}],"replies":[{"embeddable":true,"href":"http:\/\/www.mbnp.archidiecezja.wroc.pl\/index.php?rest_route=%2Fwp%2Fv2%2Fcomments&post=1509"}],"version-history":[{"count":1,"href":"http:\/\/www.mbnp.archidiecezja.wroc.pl\/index.php?rest_route=\/wp\/v2\/posts\/1509\/revisions"}],"predecessor-version":[{"id":1511,"href":"http:\/\/www.mbnp.archidiecezja.wroc.pl\/index.php?rest_route=\/wp\/v2\/posts\/1509\/revisions\/1511"}],"wp:attachment":[{"href":"http:\/\/www.mbnp.archidiecezja.wroc.pl\/index.php?rest_route=%2Fwp%2Fv2%2Fmedia&parent=1509"}],"wp:term":[{"taxonomy":"category","embeddable":true,"href":"http:\/\/www.mbnp.archidiecezja.wroc.pl\/index.php?rest_route=%2Fwp%2Fv2%2Fcategories&post=1509"},{"taxonomy":"post_tag","embeddable":true,"href":"http:\/\/www.mbnp.archidiecezja.wroc.pl\/index.php?rest_route=%2Fwp%2Fv2%2Ftags&post=1509"}],"curies":[{"name":"wp","href":"https:\/\/api.w.org\/{rel}","templated":true}]}}