{"id":1501,"date":"2016-04-05T10:00:59","date_gmt":"2016-04-05T08:00:59","guid":{"rendered":"http:\/\/www.mbnp.archidiecezja.wroc.pl\/?p=1501"},"modified":"2016-04-25T11:01:08","modified_gmt":"2016-04-25T09:01:08","slug":"galeria-triduum-paschalne-2016","status":"publish","type":"post","link":"http:\/\/www.mbnp.archidiecezja.wroc.pl\/?p=1501","title":{"rendered":"Galeria &#8211; Triduum Paschalne 2016"},"content":{"rendered":"<p style=\"text-align: center;\">Za nami okres\u00a0zastanowienia i zadumy zwi\u0105zany z Wielkim Tygodniem.<\/p>\n<p style=\"text-align: center;\">Zapraszamy do\u00a0ponownej refleksji i obejrzenia galerii zdj\u0119\u0107 z Triduum Paschalnego.<\/p>\n<p style=\"text-align: center;\"><strong>Galeria:<\/strong><\/p>\n<h3 style=\"text-align: center;\"><a href=\"http:\/\/www.mbnp.archidiecezja.wroc.pl\/?page_id=473&amp;album=2016MszaWieczerzyPanskiejWielkiCzwartek24032016\">Msza Wieczerzy Pa\u0144skiej (Wielki Czwartek)<\/a><\/h3>\n<h3 style=\"text-align: center;\"><a href=\"http:\/\/www.mbnp.archidiecezja.wroc.pl\/?page_id=473&amp;album=2016LiturgiaMekiPanskiejWielkiPiatek25032016\">Liturgia M\u0119ki Pa\u0144skiej (Wielki Pi\u0105tek)<\/a><\/h3>\n<h3 style=\"text-align: center;\"><a href=\"http:\/\/www.mbnp.archidiecezja.wroc.pl\/?page_id=473&amp;album=2016WigiliaPaschalnaNocZWielkiejSobotyNaWielkaNiedziele2627032016\">Wigilia Paschalna (Wielka Sobota)<\/a><\/h3>\n<p>&nbsp;<\/p>\n<p style=\"text-align: left;\"><a href=\"http:\/\/www.mbnp.archidiecezja.wroc.pl\/wp-content\/uploads\/2016\/04\/TS2016.jpg\" rel=\"lightbox[1501]\"><img decoding=\"async\" loading=\"lazy\" class=\"aligncenter wp-image-1506 size-full\" src=\"http:\/\/www.mbnp.archidiecezja.wroc.pl\/wp-content\/uploads\/2016\/04\/TS2016.jpg\" alt=\"TS2016\" width=\"640\" height=\"426\" srcset=\"http:\/\/www.mbnp.archidiecezja.wroc.pl\/wp-content\/uploads\/2016\/04\/TS2016.jpg 640w, http:\/\/www.mbnp.archidiecezja.wroc.pl\/wp-content\/uploads\/2016\/04\/TS2016-300x200.jpg 300w\" sizes=\"(max-width: 640px) 100vw, 640px\" \/><\/a><\/p>\n","protected":false},"excerpt":{"rendered":"<p>Za nami okres\u00a0zastanowienia i zadumy zwi\u0105zany z Wielkim Tygodniem. Zapraszamy do\u00a0ponownej refleksji i obejrzenia galerii zdj\u0119\u0107 z Triduum Paschalnego. Galeria: Msza Wieczerzy Pa\u0144skiej (Wielki Czwartek) Liturgia M\u0119ki Pa\u0144skiej (Wielki Pi\u0105tek) &#8230;<\/p>\n","protected":false},"author":7,"featured_media":0,"comment_status":"closed","ping_status":"open","sticky":false,"template":"","format":"standard","meta":[],"categories":[10],"tags":[],"_links":{"self":[{"href":"http:\/\/www.mbnp.archidiecezja.wroc.pl\/index.php?rest_route=\/wp\/v2\/posts\/1501"}],"collection":[{"href":"http:\/\/www.mbnp.archidiecezja.wroc.pl\/index.php?rest_route=\/wp\/v2\/posts"}],"about":[{"href":"http:\/\/www.mbnp.archidiecezja.wroc.pl\/index.php?rest_route=\/wp\/v2\/types\/post"}],"author":[{"embeddable":true,"href":"http:\/\/www.mbnp.archidiecezja.wroc.pl\/index.php?rest_route=\/wp\/v2\/users\/7"}],"replies":[{"embeddable":true,"href":"http:\/\/www.mbnp.archidiecezja.wroc.pl\/index.php?rest_route=%2Fwp%2Fv2%2Fcomments&post=1501"}],"version-history":[{"count":5,"href":"http:\/\/www.mbnp.archidiecezja.wroc.pl\/index.php?rest_route=\/wp\/v2\/posts\/1501\/revisions"}],"predecessor-version":[{"id":1512,"href":"http:\/\/www.mbnp.archidiecezja.wroc.pl\/index.php?rest_route=\/wp\/v2\/posts\/1501\/revisions\/1512"}],"wp:attachment":[{"href":"http:\/\/www.mbnp.archidiecezja.wroc.pl\/index.php?rest_route=%2Fwp%2Fv2%2Fmedia&parent=1501"}],"wp:term":[{"taxonomy":"category","embeddable":true,"href":"http:\/\/www.mbnp.archidiecezja.wroc.pl\/index.php?rest_route=%2Fwp%2Fv2%2Fcategories&post=1501"},{"taxonomy":"post_tag","embeddable":true,"href":"http:\/\/www.mbnp.archidiecezja.wroc.pl\/index.php?rest_route=%2Fwp%2Fv2%2Ftags&post=1501"}],"curies":[{"name":"wp","href":"https:\/\/api.w.org\/{rel}","templated":true}]}}