{"id":1478,"date":"2016-04-01T09:46:54","date_gmt":"2016-04-01T07:46:54","guid":{"rendered":"http:\/\/www.mbnp.archidiecezja.wroc.pl\/?p=1478"},"modified":"2016-05-01T09:39:04","modified_gmt":"2016-05-01T07:39:04","slug":"1478","status":"publish","type":"post","link":"http:\/\/www.mbnp.archidiecezja.wroc.pl\/?p=1478","title":{"rendered":"Relikwie \u015bw. Faustyny Kowalskiej"},"content":{"rendered":"<p style=\"text-align: center;\">Mi\u0142o nam jest poinformowa\u0107, \u017ce nasza parafia otrzyma\u0142a relikwie I stopnia \u015bw. Faustyny Kowalskiej.<\/p>\n<p style=\"text-align: center;\">Uroczyste wprowadzenie relikwii nast\u0105pi w Niedziel\u0119 Mi\u0142osierdzia Bo\u017cego 03.04 na Mszy \u015bw. o godz. 15.<\/p>\n<p style=\"text-align: center;\">Poni\u017cej przedstawiamy certyfikat autentyczno\u015bci relikwii.<\/p>\n<p><a href=\"http:\/\/www.mbnp.archidiecezja.wroc.pl\/wp-content\/uploads\/2016\/04\/1.jpg\" rel=\"lightbox[1478]\"><img decoding=\"async\" loading=\"lazy\" class=\"size-medium wp-image-1479 aligncenter\" src=\"http:\/\/www.mbnp.archidiecezja.wroc.pl\/wp-content\/uploads\/2016\/04\/1-300x210.jpg\" alt=\"1\" width=\"300\" height=\"210\" srcset=\"http:\/\/www.mbnp.archidiecezja.wroc.pl\/wp-content\/uploads\/2016\/04\/1-300x210.jpg 300w, http:\/\/www.mbnp.archidiecezja.wroc.pl\/wp-content\/uploads\/2016\/04\/1-1024x717.jpg 1024w\" sizes=\"(max-width: 300px) 100vw, 300px\" \/><\/a><a href=\"http:\/\/www.mbnp.archidiecezja.wroc.pl\/wp-content\/uploads\/2016\/04\/2.jpg\" rel=\"lightbox[1478]\"><img decoding=\"async\" loading=\"lazy\" class=\"aligncenter wp-image-1480 size-large\" src=\"http:\/\/www.mbnp.archidiecezja.wroc.pl\/wp-content\/uploads\/2016\/04\/2-1024x719.jpg\" alt=\"2\" width=\"648\" height=\"455\" srcset=\"http:\/\/www.mbnp.archidiecezja.wroc.pl\/wp-content\/uploads\/2016\/04\/2-1024x719.jpg 1024w, http:\/\/www.mbnp.archidiecezja.wroc.pl\/wp-content\/uploads\/2016\/04\/2-300x211.jpg 300w\" sizes=\"(max-width: 648px) 100vw, 648px\" \/><\/a><\/p>\n","protected":false},"excerpt":{"rendered":"<p>Mi\u0142o nam jest poinformowa\u0107, \u017ce nasza parafia otrzyma\u0142a relikwie I stopnia \u015bw. Faustyny Kowalskiej. Uroczyste wprowadzenie relikwii nast\u0105pi w Niedziel\u0119 Mi\u0142osierdzia Bo\u017cego 03.04 na Mszy \u015bw. o godz. 15. Poni\u017cej &#8230;<\/p>\n","protected":false},"author":7,"featured_media":0,"comment_status":"closed","ping_status":"open","sticky":false,"template":"","format":"standard","meta":[],"categories":[10],"tags":[],"_links":{"self":[{"href":"http:\/\/www.mbnp.archidiecezja.wroc.pl\/index.php?rest_route=\/wp\/v2\/posts\/1478"}],"collection":[{"href":"http:\/\/www.mbnp.archidiecezja.wroc.pl\/index.php?rest_route=\/wp\/v2\/posts"}],"about":[{"href":"http:\/\/www.mbnp.archidiecezja.wroc.pl\/index.php?rest_route=\/wp\/v2\/types\/post"}],"author":[{"embeddable":true,"href":"http:\/\/www.mbnp.archidiecezja.wroc.pl\/index.php?rest_route=\/wp\/v2\/users\/7"}],"replies":[{"embeddable":true,"href":"http:\/\/www.mbnp.archidiecezja.wroc.pl\/index.php?rest_route=%2Fwp%2Fv2%2Fcomments&post=1478"}],"version-history":[{"count":3,"href":"http:\/\/www.mbnp.archidiecezja.wroc.pl\/index.php?rest_route=\/wp\/v2\/posts\/1478\/revisions"}],"predecessor-version":[{"id":1504,"href":"http:\/\/www.mbnp.archidiecezja.wroc.pl\/index.php?rest_route=\/wp\/v2\/posts\/1478\/revisions\/1504"}],"wp:attachment":[{"href":"http:\/\/www.mbnp.archidiecezja.wroc.pl\/index.php?rest_route=%2Fwp%2Fv2%2Fmedia&parent=1478"}],"wp:term":[{"taxonomy":"category","embeddable":true,"href":"http:\/\/www.mbnp.archidiecezja.wroc.pl\/index.php?rest_route=%2Fwp%2Fv2%2Fcategories&post=1478"},{"taxonomy":"post_tag","embeddable":true,"href":"http:\/\/www.mbnp.archidiecezja.wroc.pl\/index.php?rest_route=%2Fwp%2Fv2%2Ftags&post=1478"}],"curies":[{"name":"wp","href":"https:\/\/api.w.org\/{rel}","templated":true}]}}