{"id":1474,"date":"2016-04-01T09:35:03","date_gmt":"2016-04-01T07:35:03","guid":{"rendered":"http:\/\/www.mbnp.archidiecezja.wroc.pl\/?p=1474"},"modified":"2016-04-04T09:35:42","modified_gmt":"2016-04-04T07:35:42","slug":"dziekczynienie-za-relikwie-sw-faustyny-kowalskiej","status":"publish","type":"post","link":"http:\/\/www.mbnp.archidiecezja.wroc.pl\/?p=1474","title":{"rendered":"Dzi\u0119kczynienie za relikwie \u015bw. Faustyny Kowalskiej"},"content":{"rendered":"<p style=\"text-align: center;\">Niedziela Mi\u0142osierdzia Bo\u017cego (03.III)\u00a0up\u0142ynie w naszej parafii w duchu dzi\u0119kczynienia za dar relikwii \u015bw. Faustyny Kowalskiej. Zapraszamy wszystkich parafian na Msz\u0119 \u015bw. o godz. 15 podczas kt\u00f3rej uroczy\u015bcie wprowadzimy relikwie do naszej wsp\u00f3lnoty. Po Eucharystii b\u0119dzie mo\u017cliwo\u015b\u0107 uca\u0142owania relikwii.<\/p>\n<p style=\"text-align: center;\">Na godz. 19 zaplanowana jest adoracja Naj\u015bwi\u0119tszego Sakramentu z uwielbieniem i dzi\u0119kczynieniem za ten szczeg\u00f3lny moment. Adoracj\u0119 poprowadzi diakonia muzyczna wsp\u00f3lnoty Benedictus i Hallelu Jah.<\/p>\n<p><a href=\"http:\/\/www.mbnp.archidiecezja.wroc.pl\/wp-content\/uploads\/2016\/04\/czuwani-relikwie-2.png\" rel=\"lightbox[1474]\"><img decoding=\"async\" loading=\"lazy\" class=\"size-large wp-image-1475 aligncenter\" src=\"http:\/\/www.mbnp.archidiecezja.wroc.pl\/wp-content\/uploads\/2016\/04\/czuwani-relikwie-2-1024x724.png\" alt=\"czuwani relikwie 2\" width=\"648\" height=\"458\" srcset=\"http:\/\/www.mbnp.archidiecezja.wroc.pl\/wp-content\/uploads\/2016\/04\/czuwani-relikwie-2-1024x724.png 1024w, http:\/\/www.mbnp.archidiecezja.wroc.pl\/wp-content\/uploads\/2016\/04\/czuwani-relikwie-2-300x212.png 300w\" sizes=\"(max-width: 648px) 100vw, 648px\" \/><\/a><\/p>\n","protected":false},"excerpt":{"rendered":"<p>Niedziela Mi\u0142osierdzia Bo\u017cego (03.III)\u00a0up\u0142ynie w naszej parafii w duchu dzi\u0119kczynienia za dar relikwii \u015bw. Faustyny Kowalskiej. Zapraszamy wszystkich parafian na Msz\u0119 \u015bw. o godz. 15 podczas kt\u00f3rej uroczy\u015bcie wprowadzimy relikwie &#8230;<\/p>\n","protected":false},"author":7,"featured_media":0,"comment_status":"closed","ping_status":"open","sticky":false,"template":"","format":"standard","meta":[],"categories":[10],"tags":[],"_links":{"self":[{"href":"http:\/\/www.mbnp.archidiecezja.wroc.pl\/index.php?rest_route=\/wp\/v2\/posts\/1474"}],"collection":[{"href":"http:\/\/www.mbnp.archidiecezja.wroc.pl\/index.php?rest_route=\/wp\/v2\/posts"}],"about":[{"href":"http:\/\/www.mbnp.archidiecezja.wroc.pl\/index.php?rest_route=\/wp\/v2\/types\/post"}],"author":[{"embeddable":true,"href":"http:\/\/www.mbnp.archidiecezja.wroc.pl\/index.php?rest_route=\/wp\/v2\/users\/7"}],"replies":[{"embeddable":true,"href":"http:\/\/www.mbnp.archidiecezja.wroc.pl\/index.php?rest_route=%2Fwp%2Fv2%2Fcomments&post=1474"}],"version-history":[{"count":2,"href":"http:\/\/www.mbnp.archidiecezja.wroc.pl\/index.php?rest_route=\/wp\/v2\/posts\/1474\/revisions"}],"predecessor-version":[{"id":1477,"href":"http:\/\/www.mbnp.archidiecezja.wroc.pl\/index.php?rest_route=\/wp\/v2\/posts\/1474\/revisions\/1477"}],"wp:attachment":[{"href":"http:\/\/www.mbnp.archidiecezja.wroc.pl\/index.php?rest_route=%2Fwp%2Fv2%2Fmedia&parent=1474"}],"wp:term":[{"taxonomy":"category","embeddable":true,"href":"http:\/\/www.mbnp.archidiecezja.wroc.pl\/index.php?rest_route=%2Fwp%2Fv2%2Fcategories&post=1474"},{"taxonomy":"post_tag","embeddable":true,"href":"http:\/\/www.mbnp.archidiecezja.wroc.pl\/index.php?rest_route=%2Fwp%2Fv2%2Ftags&post=1474"}],"curies":[{"name":"wp","href":"https:\/\/api.w.org\/{rel}","templated":true}]}}