{"id":1451,"date":"2016-03-26T17:19:05","date_gmt":"2016-03-26T16:19:05","guid":{"rendered":"http:\/\/www.mbnp.archidiecezja.wroc.pl\/?p=1451"},"modified":"2016-04-02T17:19:30","modified_gmt":"2016-04-02T15:19:30","slug":"zyczenia-z-okazji-swiat-wielkanocnych","status":"publish","type":"post","link":"http:\/\/www.mbnp.archidiecezja.wroc.pl\/?p=1451","title":{"rendered":"\u017byczenia z okazji \u015awi\u0105t Wielkanocnych"},"content":{"rendered":"<p style=\"text-align: center;\">Noc Wielkanocna jest noc\u0105 nadzwyczajn\u0105, kiedy moc zmartwychwsta\u0142ego<br \/>\nChrystusa pokonuje ostatecznie si\u0142y ciemno\u015bci i \u015bmierci, zapala w<br \/>\nsercach wierz\u0105cych nadziej\u0119 i rado\u015b\u0107. (\u015bw. Jan Pawe\u0142 II)<\/p>\n<p style=\"text-align: center;\">Jezus Chrystus, Jezus Zmartwychwsta\u0142y ukaza\u0142 nam dzi\u015b tajemnic\u0119<br \/>\nwielkiej i niepowtarzalnej mi\u0142o\u015bci, mi\u0142o\u015bci Boga do cz\u0142owieka&#8230; Niech<br \/>\nnape\u0142ni ona nasze serca, przyniesie wiar\u0119 i nadziej\u0119, niech dodaje mocy<br \/>\ni odwagi w podejmowaniu naszej codzienno\u015bci.<\/p>\n<p style=\"text-align: center;\">Drodzy Parafianie, b\u0142ogos\u0142awionych i radosnych \u015awi\u0105t Zmartwychwstania Pa\u0144skiego!<\/p>\n<p style=\"text-align: right;\">Duszpasterze<\/p>\n<p style=\"text-align: center;\"><a href=\"http:\/\/www.mbnp.archidiecezja.wroc.pl\/wp-content\/uploads\/2016\/03\/rl10.jpg\" rel=\"lightbox[1451]\"><img decoding=\"async\" loading=\"lazy\" class=\"alignnone size-full wp-image-1452\" src=\"http:\/\/www.mbnp.archidiecezja.wroc.pl\/wp-content\/uploads\/2016\/03\/rl10.jpg\" alt=\"rl10\" width=\"640\" height=\"394\" srcset=\"http:\/\/www.mbnp.archidiecezja.wroc.pl\/wp-content\/uploads\/2016\/03\/rl10.jpg 640w, http:\/\/www.mbnp.archidiecezja.wroc.pl\/wp-content\/uploads\/2016\/03\/rl10-300x185.jpg 300w\" sizes=\"(max-width: 640px) 100vw, 640px\" \/><\/a><\/p>\n","protected":false},"excerpt":{"rendered":"<p>Noc Wielkanocna jest noc\u0105 nadzwyczajn\u0105, kiedy moc zmartwychwsta\u0142ego Chrystusa pokonuje ostatecznie si\u0142y ciemno\u015bci i \u015bmierci, zapala w sercach wierz\u0105cych nadziej\u0119 i rado\u015b\u0107. (\u015bw. Jan Pawe\u0142 II) Jezus Chrystus, Jezus Zmartwychwsta\u0142y &#8230;<\/p>\n","protected":false},"author":7,"featured_media":0,"comment_status":"closed","ping_status":"open","sticky":false,"template":"","format":"standard","meta":[],"categories":[10],"tags":[],"_links":{"self":[{"href":"http:\/\/www.mbnp.archidiecezja.wroc.pl\/index.php?rest_route=\/wp\/v2\/posts\/1451"}],"collection":[{"href":"http:\/\/www.mbnp.archidiecezja.wroc.pl\/index.php?rest_route=\/wp\/v2\/posts"}],"about":[{"href":"http:\/\/www.mbnp.archidiecezja.wroc.pl\/index.php?rest_route=\/wp\/v2\/types\/post"}],"author":[{"embeddable":true,"href":"http:\/\/www.mbnp.archidiecezja.wroc.pl\/index.php?rest_route=\/wp\/v2\/users\/7"}],"replies":[{"embeddable":true,"href":"http:\/\/www.mbnp.archidiecezja.wroc.pl\/index.php?rest_route=%2Fwp%2Fv2%2Fcomments&post=1451"}],"version-history":[{"count":3,"href":"http:\/\/www.mbnp.archidiecezja.wroc.pl\/index.php?rest_route=\/wp\/v2\/posts\/1451\/revisions"}],"predecessor-version":[{"id":1455,"href":"http:\/\/www.mbnp.archidiecezja.wroc.pl\/index.php?rest_route=\/wp\/v2\/posts\/1451\/revisions\/1455"}],"wp:attachment":[{"href":"http:\/\/www.mbnp.archidiecezja.wroc.pl\/index.php?rest_route=%2Fwp%2Fv2%2Fmedia&parent=1451"}],"wp:term":[{"taxonomy":"category","embeddable":true,"href":"http:\/\/www.mbnp.archidiecezja.wroc.pl\/index.php?rest_route=%2Fwp%2Fv2%2Fcategories&post=1451"},{"taxonomy":"post_tag","embeddable":true,"href":"http:\/\/www.mbnp.archidiecezja.wroc.pl\/index.php?rest_route=%2Fwp%2Fv2%2Ftags&post=1451"}],"curies":[{"name":"wp","href":"https:\/\/api.w.org\/{rel}","templated":true}]}}