{"id":1433,"date":"2016-03-19T22:30:15","date_gmt":"2016-03-19T21:30:15","guid":{"rendered":"http:\/\/www.mbnp.archidiecezja.wroc.pl\/?p=1433"},"modified":"2016-03-27T00:03:33","modified_gmt":"2016-03-26T23:03:33","slug":"wielki-tydzien-przewodnik","status":"publish","type":"post","link":"http:\/\/www.mbnp.archidiecezja.wroc.pl\/?p=1433","title":{"rendered":"Wielki Tydzie\u0144. Przewodnik."},"content":{"rendered":"<p><strong>Ka\u017cdego roku jest tylko siedem wyj\u0105tkowych dni, kt\u00f3re okre\u015blamy mianem wielkich.<\/strong> To czas, gdy wchodzimy w g\u0142\u0119bi\u0119 misterium Chrystusa, kt\u00f3ry zmierza do Jerozolimy, by tam sprawowa\u0107 uczt\u0119 paschaln\u0105 \u2013 ostatni\u0105 wieczerz\u0119, ofiarowa\u0107 swoje \u017cycie na krzy\u017cu i chwalebnie Zmartwychwsta\u0107, pokonuj\u0105c \u015bmier\u0107.<br \/>\nZ pewno\u015bci\u0105 jest tysi\u0105c powod\u00f3w, by prze\u017cywa\u0107 ten czas w rozkojarzeniu. Porz\u0105dki, pieczenie mazurk\u00f3w, odwiedziny rodziny \u2013 to wszystko towarzyszy nam, przys\u0142aniaj\u0105c czasem istot\u0119 Wielkanocy. Jest i liturgia, kt\u00f3ra w tych kilka dni przybiera inn\u0105 form\u0119, nie zawsze przez nas dobrze znan\u0105 i\u00a0 rozumian\u0105, tak bardzo odmienn\u0105 od niedzielnej mszy.<br \/>\n<strong><em>Wielki Tydzie\u0144. Przewodnik<\/em> to pomoc dla wszystkich, kt\u00f3rzy mog\u0105 czu\u0107 si\u0119 zagubieni w ko\u015bcielnych celebracjach.<\/strong> Ta niewielka ksi\u0105\u017ceczka pomo\u017ce Ci nie straci\u0107 z oczu celu, jakim jest g\u0142\u0119bokie prze\u017cycie pami\u0105tki Zmartwychwstania. Znajdziesz w niej czytania na ka\u017cdy dzie\u0144 wraz z\u00a0 kr\u00f3tk\u0105 refleksj\u0105, obja\u015bnienia liturgii Triduum Paschalnego oraz cenne porady \u2013 co zrobi\u0107 by nie straci\u0107 g\u0142owy i nie zaniedba\u0107 duszy w \u015bwi\u0105tecznym nawale obowi\u0105zk\u00f3w. Wszystko prostym j\u0119zykiem i w przyst\u0119pnej formie. Codziennie po\u015bwi\u0119\u0107 tej lekturze kwadrans, a do\u015bwiadczysz pi\u0119kna Wielkiego Tygodnia, nowej jako\u015bci \u015bwi\u0119towania.<br \/>\n<strong>Wi\u0119cej informacji na stronie: <a href=\"http:\/\/www.wielkitydzien.pl\">www.wielkitydzien.pl<\/a> \u2013 pobierz ksi\u0105\u017ck\u0119 w formacie pdf oraz wersji na czytniki!<\/strong><\/p>\n<p><a href=\"http:\/\/www.mbnp.archidiecezja.wroc.pl\/wp-content\/uploads\/2016\/03\/wt.png\" rel=\"lightbox[1433]\"><img decoding=\"async\" loading=\"lazy\" class=\"aligncenter wp-image-1434 size-large\" src=\"http:\/\/www.mbnp.archidiecezja.wroc.pl\/wp-content\/uploads\/2016\/03\/wt-1024x538.png\" alt=\"wt\" width=\"648\" height=\"340\" srcset=\"http:\/\/www.mbnp.archidiecezja.wroc.pl\/wp-content\/uploads\/2016\/03\/wt-1024x538.png 1024w, http:\/\/www.mbnp.archidiecezja.wroc.pl\/wp-content\/uploads\/2016\/03\/wt-300x158.png 300w, http:\/\/www.mbnp.archidiecezja.wroc.pl\/wp-content\/uploads\/2016\/03\/wt.png 1200w\" sizes=\"(max-width: 648px) 100vw, 648px\" \/><\/a><\/p>\n","protected":false},"excerpt":{"rendered":"<p>Ka\u017cdego roku jest tylko siedem wyj\u0105tkowych dni, kt\u00f3re okre\u015blamy mianem wielkich. To czas, gdy wchodzimy w g\u0142\u0119bi\u0119 misterium Chrystusa, kt\u00f3ry zmierza do Jerozolimy, by tam sprawowa\u0107 uczt\u0119 paschaln\u0105 \u2013 ostatni\u0105 &#8230;<\/p>\n","protected":false},"author":7,"featured_media":0,"comment_status":"closed","ping_status":"open","sticky":false,"template":"","format":"standard","meta":[],"categories":[10],"tags":[],"_links":{"self":[{"href":"http:\/\/www.mbnp.archidiecezja.wroc.pl\/index.php?rest_route=\/wp\/v2\/posts\/1433"}],"collection":[{"href":"http:\/\/www.mbnp.archidiecezja.wroc.pl\/index.php?rest_route=\/wp\/v2\/posts"}],"about":[{"href":"http:\/\/www.mbnp.archidiecezja.wroc.pl\/index.php?rest_route=\/wp\/v2\/types\/post"}],"author":[{"embeddable":true,"href":"http:\/\/www.mbnp.archidiecezja.wroc.pl\/index.php?rest_route=\/wp\/v2\/users\/7"}],"replies":[{"embeddable":true,"href":"http:\/\/www.mbnp.archidiecezja.wroc.pl\/index.php?rest_route=%2Fwp%2Fv2%2Fcomments&post=1433"}],"version-history":[{"count":3,"href":"http:\/\/www.mbnp.archidiecezja.wroc.pl\/index.php?rest_route=\/wp\/v2\/posts\/1433\/revisions"}],"predecessor-version":[{"id":1441,"href":"http:\/\/www.mbnp.archidiecezja.wroc.pl\/index.php?rest_route=\/wp\/v2\/posts\/1433\/revisions\/1441"}],"wp:attachment":[{"href":"http:\/\/www.mbnp.archidiecezja.wroc.pl\/index.php?rest_route=%2Fwp%2Fv2%2Fmedia&parent=1433"}],"wp:term":[{"taxonomy":"category","embeddable":true,"href":"http:\/\/www.mbnp.archidiecezja.wroc.pl\/index.php?rest_route=%2Fwp%2Fv2%2Fcategories&post=1433"},{"taxonomy":"post_tag","embeddable":true,"href":"http:\/\/www.mbnp.archidiecezja.wroc.pl\/index.php?rest_route=%2Fwp%2Fv2%2Ftags&post=1433"}],"curies":[{"name":"wp","href":"https:\/\/api.w.org\/{rel}","templated":true}]}}