{"id":1428,"date":"2016-03-20T06:48:18","date_gmt":"2016-03-20T05:48:18","guid":{"rendered":"http:\/\/www.mbnp.archidiecezja.wroc.pl\/?p=1428"},"modified":"2016-03-28T00:06:41","modified_gmt":"2016-03-27T22:06:41","slug":"swiete-triduum-paschalne","status":"publish","type":"post","link":"http:\/\/www.mbnp.archidiecezja.wroc.pl\/?p=1428","title":{"rendered":"\u015awi\u0119te Triduum Paschalne"},"content":{"rendered":"<p style=\"text-align: center;\"><a href=\"http:\/\/www.mbnp.archidiecezja.wroc.pl\/wp-content\/uploads\/2016\/03\/Triduum-Paschalne-wersja-na-stron\u0119-www.jpg\" rel=\"lightbox[1428]\"><img decoding=\"async\" loading=\"lazy\" class=\"aligncenter wp-image-1429 size-full\" src=\"http:\/\/www.mbnp.archidiecezja.wroc.pl\/wp-content\/uploads\/2016\/03\/Triduum-Paschalne-wersja-na-stron\u0119-www.jpg\" alt=\"Triduum Paschalne wersja na stron\u0119 www\" width=\"869\" height=\"1228\" srcset=\"http:\/\/www.mbnp.archidiecezja.wroc.pl\/wp-content\/uploads\/2016\/03\/Triduum-Paschalne-wersja-na-stron\u0119-www.jpg 869w, http:\/\/www.mbnp.archidiecezja.wroc.pl\/wp-content\/uploads\/2016\/03\/Triduum-Paschalne-wersja-na-stron\u0119-www-212x300.jpg 212w, http:\/\/www.mbnp.archidiecezja.wroc.pl\/wp-content\/uploads\/2016\/03\/Triduum-Paschalne-wersja-na-stron\u0119-www-725x1024.jpg 725w\" sizes=\"(max-width: 869px) 100vw, 869px\" \/><\/a><\/p>\n<h1 style=\"text-align: center;\">\u015aWI\u0118TE TRIDUUM PASCHALNE<\/h1>\n<p style=\"text-align: center;\">WIELKI CZWARTEK:<\/p>\n<h2 style=\"text-align: center;\">MSZA WIECZERZY PA\u0143SKIEJ \u2013 18:00<\/h2>\n<p style=\"text-align: center;\">ADORACJA:<br \/>\n20:00 \u2013 0:00 \u2013 adoracja w ciszy<\/p>\n<p style=\"text-align: center;\">WIELKI PI\u0104TEK:<\/p>\n<h2 style=\"text-align: center;\">LITURGIA M\u0118KI PA\u0143SKIEJ \u2013 18:00<\/h2>\n<p style=\"text-align: center;\">ADORACJA:<br \/>\n8:00 \u2013\u00a0 9:00 \u2013 Liturgia Godzin: Jutrznia i Godzina Czyta\u0144<br \/>\n9:00 \u2013 15:00 \u2013 adoracja w ciszy<br \/>\n15:00 \u2013 15:30 \u2013Koronka do Bo\u017cego Mi\u0142osierdzia i Droga Krzy\u017cowa<br \/>\n15:30 \u2013 18:00 \u2013 adoracja w ciszy<br \/>\n20:15 \u2013 21:00 \u2013 \u015bpiewane Gorzkie \u017bale<br \/>\n21:30 \u2013 22:00 \u2013 prowadzi Ch\u00f3r Parafialny<br \/>\n22:30 \u2013 23:00 \u2013 prowadzi M\u0142odzie\u017c<br \/>\n23:30 \u2013\u00a0\u00a0 0:00 \u2013 prowadzi Odnowa w Duchu \u015awi\u0119tym<br \/>\n0:00 \u2013\u00a0\u00a0 8:00 \u2013 adoracja w ciszy (przez ca\u0142\u0105 noc)<\/p>\n<p style=\"text-align: center;\">WIELKA SOBOTA:<\/p>\n<h2 style=\"text-align: center;\">WIGILIA PASCHALNA \u2013 21:00<br \/>\nz procesj\u0105 rezurekcyjn\u0105 (przychodzimy ze \u015bwiecami)<\/h2>\n<p style=\"text-align: center;\">ADORACJA:<br \/>\n8:00 \u2013\u00a0\u00a0 9:00 \u2013 Liturgia Godzin: Jutrznia i Godzina Czyta\u0144<br \/>\n9:00 \u2013 15:00 \u2013 adoracja w ciszy<br \/>\n15:00 \u2013 15:30 \u2013 Koronka do Bo\u017cego Mi\u0142osierdzia<br \/>\n15:30 \u2013 21:00 \u2013 adoracja w ciszy<br \/>\n\u015aWI\u0118CENIE POKARM\u00d3W:<br \/>\nCo godzin\u0119:\u00a0\u00a0 9:00; 10:00; 11:00; 12:00; 13:00; 14:00; 15:00.<\/p>\n<p style=\"text-align: center;\">NIEDZIELA WIELKANOCNA:<\/p>\n<h2 style=\"text-align: center;\">MSZE \u015aW.:<br \/>\n8:00; 9:30; 11:00; 12:30 \u2013 Chrzcielna<br \/>\n18:00 \u2013 Uroczysta Msza \u015awi\u0119ta z nieszporami \u2013<br \/>\nzako\u0144czenie \u015awi\u0119tego Triduum Paschalnego<\/h2>\n<p>&nbsp;<\/p>\n","protected":false},"excerpt":{"rendered":"<p>\u015aWI\u0118TE TRIDUUM PASCHALNE WIELKI CZWARTEK: MSZA WIECZERZY PA\u0143SKIEJ \u2013 18:00 ADORACJA: 20:00 \u2013 0:00 \u2013 adoracja w ciszy WIELKI PI\u0104TEK: LITURGIA M\u0118KI PA\u0143SKIEJ \u2013 18:00 ADORACJA: 8:00 \u2013\u00a0 9:00 \u2013 &#8230;<\/p>\n","protected":false},"author":7,"featured_media":0,"comment_status":"closed","ping_status":"open","sticky":false,"template":"","format":"standard","meta":[],"categories":[10],"tags":[],"_links":{"self":[{"href":"http:\/\/www.mbnp.archidiecezja.wroc.pl\/index.php?rest_route=\/wp\/v2\/posts\/1428"}],"collection":[{"href":"http:\/\/www.mbnp.archidiecezja.wroc.pl\/index.php?rest_route=\/wp\/v2\/posts"}],"about":[{"href":"http:\/\/www.mbnp.archidiecezja.wroc.pl\/index.php?rest_route=\/wp\/v2\/types\/post"}],"author":[{"embeddable":true,"href":"http:\/\/www.mbnp.archidiecezja.wroc.pl\/index.php?rest_route=\/wp\/v2\/users\/7"}],"replies":[{"embeddable":true,"href":"http:\/\/www.mbnp.archidiecezja.wroc.pl\/index.php?rest_route=%2Fwp%2Fv2%2Fcomments&post=1428"}],"version-history":[{"count":4,"href":"http:\/\/www.mbnp.archidiecezja.wroc.pl\/index.php?rest_route=\/wp\/v2\/posts\/1428\/revisions"}],"predecessor-version":[{"id":1438,"href":"http:\/\/www.mbnp.archidiecezja.wroc.pl\/index.php?rest_route=\/wp\/v2\/posts\/1428\/revisions\/1438"}],"wp:attachment":[{"href":"http:\/\/www.mbnp.archidiecezja.wroc.pl\/index.php?rest_route=%2Fwp%2Fv2%2Fmedia&parent=1428"}],"wp:term":[{"taxonomy":"category","embeddable":true,"href":"http:\/\/www.mbnp.archidiecezja.wroc.pl\/index.php?rest_route=%2Fwp%2Fv2%2Fcategories&post=1428"},{"taxonomy":"post_tag","embeddable":true,"href":"http:\/\/www.mbnp.archidiecezja.wroc.pl\/index.php?rest_route=%2Fwp%2Fv2%2Ftags&post=1428"}],"curies":[{"name":"wp","href":"https:\/\/api.w.org\/{rel}","templated":true}]}}