{"id":1409,"date":"2016-03-19T14:45:52","date_gmt":"2016-03-19T13:45:52","guid":{"rendered":"http:\/\/www.mbnp.archidiecezja.wroc.pl\/?p=1409"},"modified":"2016-04-06T13:58:14","modified_gmt":"2016-04-06T11:58:14","slug":"nowy-biskup-pomocniczy-archidiecezji-wroclawskiej","status":"publish","type":"post","link":"http:\/\/www.mbnp.archidiecezja.wroc.pl\/?p=1409","title":{"rendered":"Nowy biskup pomocniczy Archidiecezji Wroc\u0142awskiej"},"content":{"rendered":"<p><strong>O. prof. Jacek Kici\u0144ski ze zgromadzenia Misjonarzy Klaretyn\u00f3w przyj\u0105\u0142 19 marca we wroc\u0142awskiej katedrze z r\u0105k abp J\u00f3zefa Kupnego sakr\u0119 biskupi\u0105. <\/strong><strong>Wsp\u00f3\u0142konsekratorami byli abp Celestino Migliore oraz kard. Henryk Gulbinowicz. Dzi\u0119ki temu wydarzeniu <\/strong><strong>sta\u0142 si\u0119 62. biskupem pomocniczym w tysi\u0105cletniej historii diecezji wroc\u0142awskiej, a 11 od zako\u0144czenia II wojny \u015bwiatowej. <\/strong><\/p>\n<p style=\"text-align: right;\">www.ekai.pl<\/p>\n<p>Zdj\u0119cie za: www.wroclaw.gosc.pl<\/p>\n<p style=\"text-align: center;\"><a href=\"http:\/\/wroclaw.gosc.pl\/gal\/spis\/3037540.Uroczystosc-swiecen-biskupich-o-Jacka-Kicinskiego\">GALERIA<\/a><\/p>\n<p><a href=\"http:\/\/www.mbnp.archidiecezja.wroc.pl\/wp-content\/uploads\/2016\/03\/3.jpg\" rel=\"lightbox[1409]\"><img decoding=\"async\" loading=\"lazy\" class=\"aligncenter wp-image-1410 size-full\" src=\"http:\/\/www.mbnp.archidiecezja.wroc.pl\/wp-content\/uploads\/2016\/03\/3.jpg\" alt=\"3\" width=\"520\" height=\"346\" srcset=\"http:\/\/www.mbnp.archidiecezja.wroc.pl\/wp-content\/uploads\/2016\/03\/3.jpg 520w, http:\/\/www.mbnp.archidiecezja.wroc.pl\/wp-content\/uploads\/2016\/03\/3-300x200.jpg 300w\" sizes=\"(max-width: 520px) 100vw, 520px\" \/><\/a><\/p>\n<p style=\"text-align: center;\">\n","protected":false},"excerpt":{"rendered":"<p>O. prof. Jacek Kici\u0144ski ze zgromadzenia Misjonarzy Klaretyn\u00f3w przyj\u0105\u0142 19 marca we wroc\u0142awskiej katedrze z r\u0105k abp J\u00f3zefa Kupnego sakr\u0119 biskupi\u0105. Wsp\u00f3\u0142konsekratorami byli abp Celestino Migliore oraz kard. Henryk Gulbinowicz. &#8230;<\/p>\n","protected":false},"author":7,"featured_media":0,"comment_status":"closed","ping_status":"open","sticky":false,"template":"","format":"standard","meta":[],"categories":[10],"tags":[],"_links":{"self":[{"href":"http:\/\/www.mbnp.archidiecezja.wroc.pl\/index.php?rest_route=\/wp\/v2\/posts\/1409"}],"collection":[{"href":"http:\/\/www.mbnp.archidiecezja.wroc.pl\/index.php?rest_route=\/wp\/v2\/posts"}],"about":[{"href":"http:\/\/www.mbnp.archidiecezja.wroc.pl\/index.php?rest_route=\/wp\/v2\/types\/post"}],"author":[{"embeddable":true,"href":"http:\/\/www.mbnp.archidiecezja.wroc.pl\/index.php?rest_route=\/wp\/v2\/users\/7"}],"replies":[{"embeddable":true,"href":"http:\/\/www.mbnp.archidiecezja.wroc.pl\/index.php?rest_route=%2Fwp%2Fv2%2Fcomments&post=1409"}],"version-history":[{"count":7,"href":"http:\/\/www.mbnp.archidiecezja.wroc.pl\/index.php?rest_route=\/wp\/v2\/posts\/1409\/revisions"}],"predecessor-version":[{"id":1439,"href":"http:\/\/www.mbnp.archidiecezja.wroc.pl\/index.php?rest_route=\/wp\/v2\/posts\/1409\/revisions\/1439"}],"wp:attachment":[{"href":"http:\/\/www.mbnp.archidiecezja.wroc.pl\/index.php?rest_route=%2Fwp%2Fv2%2Fmedia&parent=1409"}],"wp:term":[{"taxonomy":"category","embeddable":true,"href":"http:\/\/www.mbnp.archidiecezja.wroc.pl\/index.php?rest_route=%2Fwp%2Fv2%2Fcategories&post=1409"},{"taxonomy":"post_tag","embeddable":true,"href":"http:\/\/www.mbnp.archidiecezja.wroc.pl\/index.php?rest_route=%2Fwp%2Fv2%2Ftags&post=1409"}],"curies":[{"name":"wp","href":"https:\/\/api.w.org\/{rel}","templated":true}]}}