{"id":1390,"date":"2016-03-14T16:01:17","date_gmt":"2016-03-14T15:01:17","guid":{"rendered":"http:\/\/www.mbnp.archidiecezja.wroc.pl\/?p=1390"},"modified":"2016-04-14T16:10:02","modified_gmt":"2016-04-14T14:10:02","slug":"diecezjalna-pielgrzymka-maturzystow-na-jasna-gore","status":"publish","type":"post","link":"http:\/\/www.mbnp.archidiecezja.wroc.pl\/?p=1390","title":{"rendered":"Diecezjalna Pielgrzymka Maturzyst\u00f3w na Jasn\u0105 G\u00f3r\u0119"},"content":{"rendered":"<p style=\"text-align: right;\">\u201e<em>\u2026ci, co zaufali Panu, odzyskuj\u0105 si\u0142y, otrzymuj\u0105 skrzyd\u0142a jak or\u0142y: biegn\u0105 bez zm\u0119czenia<\/em>\u201d<br \/>\nIz 40,31<\/p>\n<p><strong>11 marca maturzy\u015bci<\/strong> z Zespo\u0142u Szk\u00f3\u0142 nr 3 przy ul. Szkockiej wyruszyli, wraz z Paniami katechetkami, na <strong>XVI Diecezjaln\u0105 Pielgrzymk\u0119 Maturzyst\u00f3w na Jasn\u0105 G\u00f3r\u0119.<\/strong> Tegorocznej pielgrzymce przy\u015bwieca\u0142o has\u0142o: <em>\u201eMi\u0142osierdzie \u2013 Imi\u0119 Boga&#8221;<\/em>. M\u0142odzie\u017c uczestniczy\u0142a w konferencji po\u015bwi\u0119conej \u015awiatowym Dniom M\u0142odzie\u017cy, mia\u0142a okazj\u0119 przyj\u0105\u0107 sakrament pojednania a w samym sercu Jasnej G\u00f3ry, w kaplicy Matki Bo\u017cej Cz\u0119stochowskiej mog\u0142a uroczy\u015bcie z\u0142o\u017cy\u0107 wsp\u00f3lny akt zawierzenia swojego \u017cycia\u00a0 Matce Bo\u017cej.<br \/>\nKs. Piotr Wawrzynek, duszpasterz m\u0142odzie\u017cy archidiecezji wroc\u0142awskiej, nawi\u0105zuj\u0105c do has\u0142a tegorocznej pielgrzymki, powiedzia\u0142: <em>\u201eChcemy przyj\u015b\u0107 do naszej matki, \u017ceby nas nauczy\u0142a rozpozna\u0107, jaki jest B\u00f3g, \u017ceby\u015bmy w naszym \u017cyciu nie byli zagubieni\u201d.<\/em><br \/>\n<strong>Mszy \u015bwi\u0119tej przewodniczy\u0142 bp Andrzej Siemieniewski.<\/strong> W homilii bp Andrzej zwr\u00f3ci\u0142 uwag\u0119 na to, \u017ce matura to wej\u015bcie na drog\u0119 dojrza\u0142o\u015bci: <em>\u201eBracia, nie b\u0105d\u017acie dzie\u0107mi w swoim my\u015bleniu. W my\u015bleniu waszym b\u0105d\u017acie dojrzali\u201d. Czyli jacy? Tacy, kt\u00f3rzy wiedz\u0105, jak osi\u0105ga\u0107 cele, te bli\u017csze i dalsze (\u2026) \u201eB\u0105d\u017acie wy doskonali, jak doskona\u0142y jest Ojciec wasz niebieski\u201d. Ewangelia wyja\u015bnia t\u0119 my\u015bl Jezusa w innym miejscu troszk\u0119 innymi s\u0142owami: \u201eB\u0105d\u017acie mi\u0142osierni, jak Ojciec wasz jest mi\u0142osierny\u201d &#8211; nie chodzi o to, aby od razu by\u0107 doskona\u0142ym, ale wst\u0105pi\u0107 na drog\u0119 do doskona\u0142o\u015bci, czyli drog\u0119 mi\u0142osierdzia.\u201d<\/em><br \/>\nNa pielgrzymim szlaku spotka\u0142o si\u0119 2000 m\u0142odych ludzi z naszej archidiecezji. Wszystkim maturzystom \u017cyczymy, za prorokiem Izajaszem, \u201e<em>aby otrzymali skrzyd\u0142a jak or\u0142y\u201d<\/em> i kierowani Duchem \u015awi\u0119tym, wiedzieli jak m\u0105drze osi\u0105ga\u0107 wytyczone cele.<\/p>\n<p style=\"text-align: right;\">Anna Okurowska<\/p>\n<h3 style=\"text-align: center;\"><a href=\"http:\/\/www.mbnp.archidiecezja.wroc.pl\/?page_id=473&amp;album=2016PielgrzymkaMaturzystowNaJasnaGore11032016\">GALERIA<\/a><\/h3>\n<p><a href=\"http:\/\/www.mbnp.archidiecezja.wroc.pl\/wp-content\/uploads\/2016\/03\/DSCN5605.jpg\" rel=\"lightbox[1390]\"><img decoding=\"async\" loading=\"lazy\" class=\"aligncenter wp-image-1391\" src=\"http:\/\/www.mbnp.archidiecezja.wroc.pl\/wp-content\/uploads\/2016\/03\/DSCN5605.jpg\" alt=\"DSCN5605\" width=\"600\" height=\"450\" srcset=\"http:\/\/www.mbnp.archidiecezja.wroc.pl\/wp-content\/uploads\/2016\/03\/DSCN5605.jpg 922w, http:\/\/www.mbnp.archidiecezja.wroc.pl\/wp-content\/uploads\/2016\/03\/DSCN5605-300x225.jpg 300w\" sizes=\"(max-width: 600px) 100vw, 600px\" \/><\/a><\/p>\n","protected":false},"excerpt":{"rendered":"<p>\u201e\u2026ci, co zaufali Panu, odzyskuj\u0105 si\u0142y, otrzymuj\u0105 skrzyd\u0142a jak or\u0142y: biegn\u0105 bez zm\u0119czenia\u201d Iz 40,31 11 marca maturzy\u015bci z Zespo\u0142u Szk\u00f3\u0142 nr 3 przy ul. Szkockiej wyruszyli, wraz z Paniami &#8230;<\/p>\n","protected":false},"author":7,"featured_media":0,"comment_status":"closed","ping_status":"open","sticky":false,"template":"","format":"standard","meta":[],"categories":[10],"tags":[],"_links":{"self":[{"href":"http:\/\/www.mbnp.archidiecezja.wroc.pl\/index.php?rest_route=\/wp\/v2\/posts\/1390"}],"collection":[{"href":"http:\/\/www.mbnp.archidiecezja.wroc.pl\/index.php?rest_route=\/wp\/v2\/posts"}],"about":[{"href":"http:\/\/www.mbnp.archidiecezja.wroc.pl\/index.php?rest_route=\/wp\/v2\/types\/post"}],"author":[{"embeddable":true,"href":"http:\/\/www.mbnp.archidiecezja.wroc.pl\/index.php?rest_route=\/wp\/v2\/users\/7"}],"replies":[{"embeddable":true,"href":"http:\/\/www.mbnp.archidiecezja.wroc.pl\/index.php?rest_route=%2Fwp%2Fv2%2Fcomments&post=1390"}],"version-history":[{"count":3,"href":"http:\/\/www.mbnp.archidiecezja.wroc.pl\/index.php?rest_route=\/wp\/v2\/posts\/1390\/revisions"}],"predecessor-version":[{"id":1395,"href":"http:\/\/www.mbnp.archidiecezja.wroc.pl\/index.php?rest_route=\/wp\/v2\/posts\/1390\/revisions\/1395"}],"wp:attachment":[{"href":"http:\/\/www.mbnp.archidiecezja.wroc.pl\/index.php?rest_route=%2Fwp%2Fv2%2Fmedia&parent=1390"}],"wp:term":[{"taxonomy":"category","embeddable":true,"href":"http:\/\/www.mbnp.archidiecezja.wroc.pl\/index.php?rest_route=%2Fwp%2Fv2%2Fcategories&post=1390"},{"taxonomy":"post_tag","embeddable":true,"href":"http:\/\/www.mbnp.archidiecezja.wroc.pl\/index.php?rest_route=%2Fwp%2Fv2%2Ftags&post=1390"}],"curies":[{"name":"wp","href":"https:\/\/api.w.org\/{rel}","templated":true}]}}