{"id":1382,"date":"2016-03-12T22:00:47","date_gmt":"2016-03-12T21:00:47","guid":{"rendered":"http:\/\/www.mbnp.archidiecezja.wroc.pl\/?p=1382"},"modified":"2016-04-12T21:36:44","modified_gmt":"2016-04-12T19:36:44","slug":"dzien-skupienia-lso-12-03-2016","status":"publish","type":"post","link":"http:\/\/www.mbnp.archidiecezja.wroc.pl\/?p=1382","title":{"rendered":"Dzie\u0144 Skupienia LSO 12.03.2016"},"content":{"rendered":"<p>Zako\u0144czy\u0142 si\u0119 w naszej parafii historyczny, bo pierwszy Dzie\u0144 Skupienia dla ministrant\u00f3w, lektor\u00f3w i ceremoniarzy z Dekanatu Wroc\u0142aw Zach\u00f3d I. Go\u015bcili\u015bmy w naszej wsp\u00f3lnocie\u00a0Liturgiczn\u0105 S\u0142u\u017cb\u0119 O\u0142tarza\u00a0z parafii pw. M.M. Kolbego, pw. Macierzy\u0144stwa NMP, pw. \u015bw. Jadwigi \u015al\u0105skiej, pw. Opatrzno\u015bci Bo\u017cej oraz pw. NMP Kr\u00f3lowej Pokoju. W sumie ponad 70 os\u00f3b z sze\u015bciu parafii wroc\u0142awskich modli\u0142o si\u0119 przy relikwiach \u015bw. Dominika Savio. Na program Dnia Skupienia prowadzonego przez ks. dr Roberta\u00a0Begierskiego\u00a0z\u0142o\u017cy\u0142a si\u0119 konferencja, jak i Msza \u015bw. z homili\u0105, na kt\u00f3rej mo\u017cna by\u0142o lepiej pozna\u0107 posta\u0107 \u015bwi\u0119tego patrona. W przerwie by\u0142a r\u00f3wnie\u017c okazja do wzajemnego zapoznania przy herbacie i cie\u015bcie przygotowanym przez rodzic\u00f3w naszych ministrant\u00f3w.<\/p>\n<h3 style=\"text-align: center;\"><a href=\"http:\/\/www.mbnp.archidiecezja.wroc.pl\/?page_id=409&amp;album=2016LSODzienSkupieniaLSO12032016\">GALERIA<\/a><\/h3>\n<p><a href=\"http:\/\/www.mbnp.archidiecezja.wroc.pl\/wp-content\/uploads\/2016\/03\/P3126314.jpg\" rel=\"lightbox[1382]\"><img decoding=\"async\" loading=\"lazy\" class=\"aligncenter wp-image-1383 size-large\" src=\"http:\/\/www.mbnp.archidiecezja.wroc.pl\/wp-content\/uploads\/2016\/03\/P3126314-1024x768.jpg\" alt=\"OLYMPUS DIGITAL CAMERA\" width=\"648\" height=\"486\" srcset=\"http:\/\/www.mbnp.archidiecezja.wroc.pl\/wp-content\/uploads\/2016\/03\/P3126314-1024x768.jpg 1024w, http:\/\/www.mbnp.archidiecezja.wroc.pl\/wp-content\/uploads\/2016\/03\/P3126314-300x225.jpg 300w\" sizes=\"(max-width: 648px) 100vw, 648px\" \/><\/a><\/p>\n<p class=\"wp-caption-dd\">\n","protected":false},"excerpt":{"rendered":"<p>Zako\u0144czy\u0142 si\u0119 w naszej parafii historyczny, bo pierwszy Dzie\u0144 Skupienia dla ministrant\u00f3w, lektor\u00f3w i ceremoniarzy z Dekanatu Wroc\u0142aw Zach\u00f3d I. Go\u015bcili\u015bmy w naszej wsp\u00f3lnocie\u00a0Liturgiczn\u0105 S\u0142u\u017cb\u0119 O\u0142tarza\u00a0z parafii pw. M.M. Kolbego, &#8230;<\/p>\n","protected":false},"author":7,"featured_media":0,"comment_status":"closed","ping_status":"open","sticky":false,"template":"","format":"standard","meta":[],"categories":[10],"tags":[],"_links":{"self":[{"href":"http:\/\/www.mbnp.archidiecezja.wroc.pl\/index.php?rest_route=\/wp\/v2\/posts\/1382"}],"collection":[{"href":"http:\/\/www.mbnp.archidiecezja.wroc.pl\/index.php?rest_route=\/wp\/v2\/posts"}],"about":[{"href":"http:\/\/www.mbnp.archidiecezja.wroc.pl\/index.php?rest_route=\/wp\/v2\/types\/post"}],"author":[{"embeddable":true,"href":"http:\/\/www.mbnp.archidiecezja.wroc.pl\/index.php?rest_route=\/wp\/v2\/users\/7"}],"replies":[{"embeddable":true,"href":"http:\/\/www.mbnp.archidiecezja.wroc.pl\/index.php?rest_route=%2Fwp%2Fv2%2Fcomments&post=1382"}],"version-history":[{"count":4,"href":"http:\/\/www.mbnp.archidiecezja.wroc.pl\/index.php?rest_route=\/wp\/v2\/posts\/1382\/revisions"}],"predecessor-version":[{"id":1392,"href":"http:\/\/www.mbnp.archidiecezja.wroc.pl\/index.php?rest_route=\/wp\/v2\/posts\/1382\/revisions\/1392"}],"wp:attachment":[{"href":"http:\/\/www.mbnp.archidiecezja.wroc.pl\/index.php?rest_route=%2Fwp%2Fv2%2Fmedia&parent=1382"}],"wp:term":[{"taxonomy":"category","embeddable":true,"href":"http:\/\/www.mbnp.archidiecezja.wroc.pl\/index.php?rest_route=%2Fwp%2Fv2%2Fcategories&post=1382"},{"taxonomy":"post_tag","embeddable":true,"href":"http:\/\/www.mbnp.archidiecezja.wroc.pl\/index.php?rest_route=%2Fwp%2Fv2%2Ftags&post=1382"}],"curies":[{"name":"wp","href":"https:\/\/api.w.org\/{rel}","templated":true}]}}