{"id":1353,"date":"2016-03-11T09:46:10","date_gmt":"2016-03-11T08:46:10","guid":{"rendered":"http:\/\/www.mbnp.archidiecezja.wroc.pl\/?p=1353"},"modified":"2016-04-11T09:41:41","modified_gmt":"2016-04-11T07:41:41","slug":"liturgiczne-wspomnienie-sw-dominika-savio-patrona-lso","status":"publish","type":"post","link":"http:\/\/www.mbnp.archidiecezja.wroc.pl\/?p=1353","title":{"rendered":"Liturgiczne wspomnienie \u015bw. Dominika Savio &#8211; patrona LSO"},"content":{"rendered":"<p>9 III 2016 r. obchodzili\u015bmy liturgiczne wspomnienie \u015bw. Dominika Savio &#8211; patrona naszej Liturgicznej S\u0142u\u017cby O\u0142tarza. Uroczystej Mszy \u015bw. przewodniczy\u0142 ks. Piotr, kt\u00f3ry r\u00f3wnie\u017c wyg\u0142osi\u0142 homili\u0119. Przy relikwiach \u015bwi\u0119tego m\u0142odzie\u0144ca w obecno\u015bci parafian i ministrant\u00f3w prosili\u015bmy o Bo\u017ce b\u0142ogos\u0142awie\u0144stwo dla wszystkich ministrant\u00f3w, lektor\u00f3w i ceremoniarzy oraz ich rodzin.<\/p>\n<p>Po Eucharystii odby\u0142o si\u0119 nabo\u017ce\u0144stwo do \u015bw. Dominika, zako\u0144czone uca\u0142owaniem Jego relikwii.<\/p>\n<p style=\"text-align: center;\"><a href=\"http:\/\/www.mbnp.archidiecezja.wroc.pl\/?page_id=409&amp;album=2016LSOWspomnienieSwDominikaSavio9032016\">GALERIA<\/a><\/p>\n<p><a href=\"http:\/\/www.mbnp.archidiecezja.wroc.pl\/wp-content\/uploads\/2016\/03\/P3096188.jpg\" rel=\"lightbox[1353]\"><img decoding=\"async\" loading=\"lazy\" class=\"aligncenter wp-image-1355 size-large\" src=\"http:\/\/www.mbnp.archidiecezja.wroc.pl\/wp-content\/uploads\/2016\/03\/P3096188-1024x768.jpg\" alt=\"OLYMPUS DIGITAL CAMERA\" width=\"648\" height=\"486\" srcset=\"http:\/\/www.mbnp.archidiecezja.wroc.pl\/wp-content\/uploads\/2016\/03\/P3096188-1024x768.jpg 1024w, http:\/\/www.mbnp.archidiecezja.wroc.pl\/wp-content\/uploads\/2016\/03\/P3096188-300x225.jpg 300w\" sizes=\"(max-width: 648px) 100vw, 648px\" \/><\/a><\/p>\n<p class=\"wp-caption-dd\">\n","protected":false},"excerpt":{"rendered":"<p>9 III 2016 r. obchodzili\u015bmy liturgiczne wspomnienie \u015bw. Dominika Savio &#8211; patrona naszej Liturgicznej S\u0142u\u017cby O\u0142tarza. Uroczystej Mszy \u015bw. przewodniczy\u0142 ks. Piotr, kt\u00f3ry r\u00f3wnie\u017c wyg\u0142osi\u0142 homili\u0119. Przy relikwiach \u015bwi\u0119tego m\u0142odzie\u0144ca &#8230;<\/p>\n","protected":false},"author":7,"featured_media":0,"comment_status":"closed","ping_status":"open","sticky":false,"template":"","format":"standard","meta":[],"categories":[10],"tags":[],"_links":{"self":[{"href":"http:\/\/www.mbnp.archidiecezja.wroc.pl\/index.php?rest_route=\/wp\/v2\/posts\/1353"}],"collection":[{"href":"http:\/\/www.mbnp.archidiecezja.wroc.pl\/index.php?rest_route=\/wp\/v2\/posts"}],"about":[{"href":"http:\/\/www.mbnp.archidiecezja.wroc.pl\/index.php?rest_route=\/wp\/v2\/types\/post"}],"author":[{"embeddable":true,"href":"http:\/\/www.mbnp.archidiecezja.wroc.pl\/index.php?rest_route=\/wp\/v2\/users\/7"}],"replies":[{"embeddable":true,"href":"http:\/\/www.mbnp.archidiecezja.wroc.pl\/index.php?rest_route=%2Fwp%2Fv2%2Fcomments&post=1353"}],"version-history":[{"count":6,"href":"http:\/\/www.mbnp.archidiecezja.wroc.pl\/index.php?rest_route=\/wp\/v2\/posts\/1353\/revisions"}],"predecessor-version":[{"id":1374,"href":"http:\/\/www.mbnp.archidiecezja.wroc.pl\/index.php?rest_route=\/wp\/v2\/posts\/1353\/revisions\/1374"}],"wp:attachment":[{"href":"http:\/\/www.mbnp.archidiecezja.wroc.pl\/index.php?rest_route=%2Fwp%2Fv2%2Fmedia&parent=1353"}],"wp:term":[{"taxonomy":"category","embeddable":true,"href":"http:\/\/www.mbnp.archidiecezja.wroc.pl\/index.php?rest_route=%2Fwp%2Fv2%2Fcategories&post=1353"},{"taxonomy":"post_tag","embeddable":true,"href":"http:\/\/www.mbnp.archidiecezja.wroc.pl\/index.php?rest_route=%2Fwp%2Fv2%2Ftags&post=1353"}],"curies":[{"name":"wp","href":"https:\/\/api.w.org\/{rel}","templated":true}]}}