{"id":1343,"date":"2016-03-06T05:38:25","date_gmt":"2016-03-06T04:38:25","guid":{"rendered":"http:\/\/www.mbnp.archidiecezja.wroc.pl\/?p=1343"},"modified":"2016-03-17T05:36:18","modified_gmt":"2016-03-17T04:36:18","slug":"rekolekcje-wielkopostne-bo-jego-milosierdzie-na-wieki","status":"publish","type":"post","link":"http:\/\/www.mbnp.archidiecezja.wroc.pl\/?p=1343","title":{"rendered":"Rekolekcje Wielkopostne &#8211; &#8222;Bo Jego mi\u0142osierdzie na wieki&#8221;"},"content":{"rendered":"<p style=\"text-align: center; padding-left: 30px;\"><strong><em>\u201eBo Jego mi\u0142osierdzie na wieki\u201d<\/em><\/strong><\/p>\n<p style=\"text-align: center;\"><strong>RENOWACJA MISJI \u2013 REKOLEKCJE<\/strong><\/p>\n<p style=\"text-align: center;\"><strong><em>KS. DR ROBERT BEGIERSKI<\/em><\/strong><\/p>\n<p><strong>\u00a0<\/strong><\/p>\n<p style=\"text-align: center;\"><strong>\u00a0<\/strong><strong>SOBOTA 12.03.2016<\/strong><\/p>\n<p><strong>14.00\u00a0\u00a0 KATECHEZA DLA MINISTRANT\u00d3W<\/strong><\/p>\n<p><strong>15.15\u00a0\u00a0\u00a0 KORONKA DO MI\u0141OSIERDZIA BO\u017bEGO<\/strong><\/p>\n<p><strong>15.30\u00a0\u00a0 MSZA \u015aW. Z NAUK\u0104 DLA MINISTRANT\u00d3W<\/strong><\/p>\n<p><strong>18.00\u00a0\u00a0 MSZA SW. Z NAUK\u0104 OG\u00d3LN\u0104<\/strong><\/p>\n<p><strong>19.00\u00a0\u00a0 KATECHEZA DLA M\u0141ODZIE\u017bY (Bierzmowani)<\/strong><\/p>\n<p><strong>\u00a0<\/strong><\/p>\n<p style=\"text-align: center;\"><strong>NIEDZIELA 13.03.2016<\/strong><\/p>\n<p><strong> 7.00\u00a0\u00a0 MSZA \u015aW. Z NAUK\u0104 OG\u00d3LN\u0104<\/strong><\/p>\n<p><strong> 8.00\u00a0\u00a0 MSZA \u015aW. Z NAUK\u0104 OG\u00d3LN\u0104<\/strong><\/p>\n<p><strong> 9.30\u00a0\u00a0 MSZA \u015aW. Z NAUK\u0104 OG\u00d3LN\u0104<\/strong><\/p>\n<p><strong>11.00 MSZA \u015aW. Z NAUK\u0104 DLA DZIECI<\/strong><\/p>\n<p><strong>12.30 MSZA \u015aW. Z NAUK\u0104 OG\u00d3LN\u0104<\/strong><\/p>\n<p><strong>17.00 GORZKIE \u017bALE, KONFERENCJA DLA RODZIC\u00d3W<\/strong><\/p>\n<p><strong>18.00 MSZA \u015aW. Z NAUKA DLA M\u0141ODZIE\u017bY (Bierzmowani)<\/strong><\/p>\n<p><strong>\u00a0<\/strong><\/p>\n<p style=\"text-align: center;\"><strong>\u00a0<\/strong><strong>PONIEDZIA\u0141EK 14.03.2016<\/strong><\/p>\n<p style=\"text-align: center;\"><strong>SAKRAMENT POKUTY \u2013 SPOWIED\u0179 (<\/strong><strong>8.00 &#8211; 10.00; <\/strong><strong>16.00 &#8211; 19.00)<\/strong><\/p>\n<p><strong>\u00a0<\/strong><\/p>\n<p><strong> 9.00\u00a0\u00a0 MSZA \u015aW. Z NAUK\u0104 OG\u00d3LNA<\/strong><\/p>\n<p><strong>11.15\u00a0\u00a0 KONFERENCJA DLA DZIECI KLAS IV-VI<\/strong><\/p>\n<p><strong>15.30\u00a0\u00a0 KORONKA DO BO\u017bEGO MI\u0141OSIERDZIA<\/strong><\/p>\n<p><strong>18.00\u00a0\u00a0 MSZA \u015aW. Z NAUKA OG\u00d3LN\u0104<\/strong><\/p>\n<p><strong>21.00 \u00a0 APEL JASNOG\u00d3RSKI<\/strong><\/p>\n<p><strong>\u00a0<\/strong><\/p>\n<p style=\"text-align: center;\"><strong>WTOREK 15.03.2016<\/strong><\/p>\n<p><strong> 9.00\u00a0\u00a0 MSZA \u015aW. Z NAUK\u0104 OG\u00d3LN\u0104<\/strong><\/p>\n<p><strong>10.15\u00a0\u00a0 KONFERENCJA DLA DZIECI KLAS IV-VI<\/strong><\/p>\n<p><strong>11.15\u00a0\u00a0 KONFERENCJA DLA DZIECI KLAS I-III<\/strong><\/p>\n<p><strong>18.00\u00a0\u00a0 MSZA \u015aW. Z NAUKA OG\u00d3LN\u0104\u00a0\u00a0 <\/strong><\/p>\n<p><strong>19.00\u00a0\u00a0 ADORACJA NAJ\u015aWI\u0118TSZEGO SAKRAMENTU<\/strong><\/p>\n<p><strong>21.00\u00a0\u00a0 APEL JASNOG\u00d3RSKI\u00a0\u00a0 <\/strong><\/p>\n<p><strong>\u00a0<\/strong><\/p>\n<p style=\"text-align: center;\"><strong>\u015aRODA 16.03.2016<\/strong><\/p>\n<p><strong> 9.00 MSZA \u015aW. Z NAUK\u0104 OG\u00d3LN\u0104<\/strong><\/p>\n<p><strong>11.15\u00a0\u00a0 KONFERENCJA DLA DZIECI KLAS I-III<\/strong><\/p>\n<p><strong>15.00\u00a0\u00a0 KORONKA DO BO\u017bEGO MI\u0141OSIERDZIA<\/strong><\/p>\n<p><strong>17.30\u00a0\u00a0 NABO\u017bE\u0143STWO DO NMP NIEUSTAJ\u0104CEJ POMOCY<\/strong><\/p>\n<p><strong>18.00\u00a0\u00a0 MSZA \u015aW. Z NAUK\u0104 OG\u00d3LN\u0104 <\/strong><\/p>\n<p>&nbsp;<\/p>\n<p><a href=\"http:\/\/www.mbnp.archidiecezja.wroc.pl\/wp-content\/uploads\/2016\/03\/rekolekcjewielkopostne-1030x399.jpg\" rel=\"lightbox[1343]\"><img decoding=\"async\" loading=\"lazy\" class=\"aligncenter wp-image-1344 size-large\" src=\"http:\/\/www.mbnp.archidiecezja.wroc.pl\/wp-content\/uploads\/2016\/03\/rekolekcjewielkopostne-1030x399-1024x397.jpg\" alt=\"rekolekcjewielkopostne-1030x399\" width=\"648\" height=\"251\" srcset=\"http:\/\/www.mbnp.archidiecezja.wroc.pl\/wp-content\/uploads\/2016\/03\/rekolekcjewielkopostne-1030x399-1024x397.jpg 1024w, http:\/\/www.mbnp.archidiecezja.wroc.pl\/wp-content\/uploads\/2016\/03\/rekolekcjewielkopostne-1030x399-300x116.jpg 300w, http:\/\/www.mbnp.archidiecezja.wroc.pl\/wp-content\/uploads\/2016\/03\/rekolekcjewielkopostne-1030x399.jpg 1030w\" sizes=\"(max-width: 648px) 100vw, 648px\" \/><\/a><\/p>\n","protected":false},"excerpt":{"rendered":"<p>\u201eBo Jego mi\u0142osierdzie na wieki\u201d RENOWACJA MISJI \u2013 REKOLEKCJE KS. DR ROBERT BEGIERSKI \u00a0 \u00a0SOBOTA 12.03.2016 14.00\u00a0\u00a0 KATECHEZA DLA MINISTRANT\u00d3W 15.15\u00a0\u00a0\u00a0 KORONKA DO MI\u0141OSIERDZIA BO\u017bEGO 15.30\u00a0\u00a0 MSZA \u015aW. Z NAUK\u0104 &#8230;<\/p>\n","protected":false},"author":7,"featured_media":0,"comment_status":"closed","ping_status":"open","sticky":false,"template":"","format":"standard","meta":[],"categories":[10],"tags":[],"_links":{"self":[{"href":"http:\/\/www.mbnp.archidiecezja.wroc.pl\/index.php?rest_route=\/wp\/v2\/posts\/1343"}],"collection":[{"href":"http:\/\/www.mbnp.archidiecezja.wroc.pl\/index.php?rest_route=\/wp\/v2\/posts"}],"about":[{"href":"http:\/\/www.mbnp.archidiecezja.wroc.pl\/index.php?rest_route=\/wp\/v2\/types\/post"}],"author":[{"embeddable":true,"href":"http:\/\/www.mbnp.archidiecezja.wroc.pl\/index.php?rest_route=\/wp\/v2\/users\/7"}],"replies":[{"embeddable":true,"href":"http:\/\/www.mbnp.archidiecezja.wroc.pl\/index.php?rest_route=%2Fwp%2Fv2%2Fcomments&post=1343"}],"version-history":[{"count":5,"href":"http:\/\/www.mbnp.archidiecezja.wroc.pl\/index.php?rest_route=\/wp\/v2\/posts\/1343\/revisions"}],"predecessor-version":[{"id":1381,"href":"http:\/\/www.mbnp.archidiecezja.wroc.pl\/index.php?rest_route=\/wp\/v2\/posts\/1343\/revisions\/1381"}],"wp:attachment":[{"href":"http:\/\/www.mbnp.archidiecezja.wroc.pl\/index.php?rest_route=%2Fwp%2Fv2%2Fmedia&parent=1343"}],"wp:term":[{"taxonomy":"category","embeddable":true,"href":"http:\/\/www.mbnp.archidiecezja.wroc.pl\/index.php?rest_route=%2Fwp%2Fv2%2Fcategories&post=1343"},{"taxonomy":"post_tag","embeddable":true,"href":"http:\/\/www.mbnp.archidiecezja.wroc.pl\/index.php?rest_route=%2Fwp%2Fv2%2Ftags&post=1343"}],"curies":[{"name":"wp","href":"https:\/\/api.w.org\/{rel}","templated":true}]}}