{"id":1310,"date":"2016-03-01T06:32:11","date_gmt":"2016-03-01T05:32:11","guid":{"rendered":"http:\/\/www.mbnp.archidiecezja.wroc.pl\/?p=1310"},"modified":"2016-03-13T06:28:23","modified_gmt":"2016-03-13T05:28:23","slug":"dzien-skupienia-liturgicznej-sluzby-oltarza","status":"publish","type":"post","link":"http:\/\/www.mbnp.archidiecezja.wroc.pl\/?p=1310","title":{"rendered":"Dzie\u0144 skupienia Liturgicznej S\u0142u\u017cby O\u0142tarza"},"content":{"rendered":"<p>Arcybiskup Metropolita Wroc\u0142awski J\u00f3zef Kupny w tegorocznym li\u015bcie pasterskim na Wielki Post zach\u0119ca, aby ten okres roku liturgicznego sta\u0142 si\u0119 okazj\u0105 do umocnienia wsp\u00f3lnoty, tak by\u015bmy stali si\u0119 sobie bliscy. Wychodz\u0105c temu wezwaniu naprzeciw nasza parafia zaprosi\u0142a ministrant\u00f3w, lektor\u00f3w i ceremoniarzy nale\u017c\u0105cych do Liturgicznej S\u0142u\u017cby O\u0142tarza\u00a0Dekanatu Wroc\u0142aw\u00a0&#8211; Zach\u00f3d I\u00a0wraz z Ksi\u0119\u017cmi Opiekunami w dniu 12.03.2016 r. na dzie\u0144 skupienia z okazji wspomnienia \u015bw. Dominika Savio \u2013 patrona ministrant\u00f3w.<\/p>\n<p>Ten m\u0142ody cz\u0142owiek doskonale zdawa\u0142 sobie spraw\u0119 z tego, \u017ce pos\u0142uga przy o\u0142tarzu nie tylko zbli\u017ca go do Boga, ale tak\u017ce umacnia wi\u0119\u017a z kolegami. Mamy nadziej\u0119, \u017ce to spotkanie w naszej parafii zbli\u017cy\u00a0ministrant\u00f3w wzajemnie do siebie i stanie si\u0119 okazj\u0105 do owocnego dnia skupienia. Or\u0119downikiem naszej wsp\u00f3lnej modlitwy b\u0119dzie w\u0142a\u015bnie \u015bw. Dominik Savio, kt\u00f3ry na co dzie\u0144 &#8211; poprzez obecno\u015b\u0107 w swoich relikwiach &#8211; patronuje naszej liturgicznej wsp\u00f3lnocie.<\/p>\n<p>&nbsp;<\/p>\n<p>Program:<\/p>\n<p>14<sup>00<\/sup> &#8211; Konferencja<\/p>\n<p>14<sup>45<\/sup> &#8211; Pocz\u0119stunek<\/p>\n<p>15<sup>15<\/sup> \u2013 Koronka do Bo\u017cego Mi\u0142osierdzia<\/p>\n<p>15<sup>30<\/sup> \u2013 Eucharystia z homili\u0105<\/p>\n<p>16<sup>30<\/sup> \u2013 Nabo\u017ce\u0144stwo i uca\u0142owanie relikwii \u015bw. Dominika Savio<\/p>\n<p><a href=\"http:\/\/www.mbnp.archidiecezja.wroc.pl\/wp-content\/uploads\/2016\/03\/SwDominikSavio.jpg\" rel=\"lightbox[1310]\"><img decoding=\"async\" loading=\"lazy\" class=\"aligncenter wp-image-1311 size-full\" src=\"http:\/\/www.mbnp.archidiecezja.wroc.pl\/wp-content\/uploads\/2016\/03\/SwDominikSavio.jpg\" alt=\"SwDominikSavio\" width=\"304\" height=\"400\" srcset=\"http:\/\/www.mbnp.archidiecezja.wroc.pl\/wp-content\/uploads\/2016\/03\/SwDominikSavio.jpg 304w, http:\/\/www.mbnp.archidiecezja.wroc.pl\/wp-content\/uploads\/2016\/03\/SwDominikSavio-228x300.jpg 228w\" sizes=\"(max-width: 304px) 100vw, 304px\" \/><\/a><\/p>\n","protected":false},"excerpt":{"rendered":"<p>Arcybiskup Metropolita Wroc\u0142awski J\u00f3zef Kupny w tegorocznym li\u015bcie pasterskim na Wielki Post zach\u0119ca, aby ten okres roku liturgicznego sta\u0142 si\u0119 okazj\u0105 do umocnienia wsp\u00f3lnoty, tak by\u015bmy stali si\u0119 sobie bliscy. &#8230;<\/p>\n","protected":false},"author":7,"featured_media":0,"comment_status":"closed","ping_status":"open","sticky":false,"template":"","format":"standard","meta":[],"categories":[10],"tags":[],"_links":{"self":[{"href":"http:\/\/www.mbnp.archidiecezja.wroc.pl\/index.php?rest_route=\/wp\/v2\/posts\/1310"}],"collection":[{"href":"http:\/\/www.mbnp.archidiecezja.wroc.pl\/index.php?rest_route=\/wp\/v2\/posts"}],"about":[{"href":"http:\/\/www.mbnp.archidiecezja.wroc.pl\/index.php?rest_route=\/wp\/v2\/types\/post"}],"author":[{"embeddable":true,"href":"http:\/\/www.mbnp.archidiecezja.wroc.pl\/index.php?rest_route=\/wp\/v2\/users\/7"}],"replies":[{"embeddable":true,"href":"http:\/\/www.mbnp.archidiecezja.wroc.pl\/index.php?rest_route=%2Fwp%2Fv2%2Fcomments&post=1310"}],"version-history":[{"count":2,"href":"http:\/\/www.mbnp.archidiecezja.wroc.pl\/index.php?rest_route=\/wp\/v2\/posts\/1310\/revisions"}],"predecessor-version":[{"id":1370,"href":"http:\/\/www.mbnp.archidiecezja.wroc.pl\/index.php?rest_route=\/wp\/v2\/posts\/1310\/revisions\/1370"}],"wp:attachment":[{"href":"http:\/\/www.mbnp.archidiecezja.wroc.pl\/index.php?rest_route=%2Fwp%2Fv2%2Fmedia&parent=1310"}],"wp:term":[{"taxonomy":"category","embeddable":true,"href":"http:\/\/www.mbnp.archidiecezja.wroc.pl\/index.php?rest_route=%2Fwp%2Fv2%2Fcategories&post=1310"},{"taxonomy":"post_tag","embeddable":true,"href":"http:\/\/www.mbnp.archidiecezja.wroc.pl\/index.php?rest_route=%2Fwp%2Fv2%2Ftags&post=1310"}],"curies":[{"name":"wp","href":"https:\/\/api.w.org\/{rel}","templated":true}]}}