{"id":1261,"date":"2016-02-27T17:22:14","date_gmt":"2016-02-27T16:22:14","guid":{"rendered":"http:\/\/www.mbnp.archidiecezja.wroc.pl\/?p=1261"},"modified":"2016-03-19T17:12:56","modified_gmt":"2016-03-19T16:12:56","slug":"jalmuzna-filar-chrzescijanstwa","status":"publish","type":"post","link":"http:\/\/www.mbnp.archidiecezja.wroc.pl\/?p=1261","title":{"rendered":"Ja\u0142mu\u017cna &#8211; filar chrze\u015bcija\u0144stwa"},"content":{"rendered":"<p><a href=\"http:\/\/www.mbnp.archidiecezja.wroc.pl\/wp-content\/uploads\/2016\/02\/jalmuzna.jpg\" rel=\"lightbox[1261]\"><img decoding=\"async\" loading=\"lazy\" class=\"alignleft wp-image-1263 size-medium\" src=\"http:\/\/www.mbnp.archidiecezja.wroc.pl\/wp-content\/uploads\/2016\/02\/jalmuzna-300x225.jpg\" alt=\"jalmuzna\" width=\"300\" height=\"225\" srcset=\"http:\/\/www.mbnp.archidiecezja.wroc.pl\/wp-content\/uploads\/2016\/02\/jalmuzna-300x225.jpg 300w, http:\/\/www.mbnp.archidiecezja.wroc.pl\/wp-content\/uploads\/2016\/02\/jalmuzna.jpg 576w\" sizes=\"(max-width: 300px) 100vw, 300px\" \/><\/a><br \/>\n<em>\u201eNa wz\u00f3r naszego Nauczyciela jeste\u015bmy jako chrze\u015bcijanie powo\u0142ani do tego, aby dostrzega\u0107 r\u00f3\u017cne rodzaje n\u0119dzy trapi\u0105cej naszych braci, dotyka\u0107 ich d\u0142oni\u0105, bra\u0107 je na swoje barki i stara\u0107 si\u0119 je \u0142agodzi\u0107 przez konkretne dzia\u0142ania\u201d.<\/em><\/p>\n<p style=\"text-align: right;\">(Papie\u017c Franciszek)<\/p>\n<p>&nbsp;<\/p>\n<p>&nbsp;<\/p>\n<p>&nbsp;<\/p>\n<h3 style=\"text-align: center;\">Ja\u0142mu\u017cna &#8211; filar chrze\u015bcija\u0144stwa<\/h3>\n<p style=\"text-indent: 1cm;\">Kontynuuj\u0105c nasze rozwa\u017cania wielkopostne na temat mi\u0142osierdzia, zatrzymajmy si\u0119 nad istotnym zagadnieniem jakim jest ja\u0142mu\u017cna \u2013 owoc mi\u0142osierdzia.<\/p>\n<p style=\"text-indent: 1cm;\">Dzia\u0142anie Boga Ojca oddaj\u0105cego ludziom swojego Syna jest przejawem mi\u0142osierdzia dla \u015bwiata.Mi\u0142osierdzia, z kt\u00f3rego wyp\u0142ywa czysta mi\u0142o\u015b\u0107. Mi\u0142o\u015b\u0107, z kt\u00f3rej powinni\u015bmy czerpa\u0107 si\u0142\u0119, aby sta\u0107 si\u0119 godnymi tej ofiary. Mi\u0142o\u015b\u0107, kt\u00f3ra przez moc Ducha \u015awi\u0119tego pozwala dostrzec nam chrze\u015bcijanom Jezusa w drugim cz\u0142owieku \u2013 cz\u0142owieku biednym, zagubionym, bezbronnym, potrzebuj\u0105cym naszej pomocy. W dziele \u201eO na\u015bladowaniu Chrystusa\u201d (rozdzia\u0142 XV.1) czytamy: <em>\u201eZewn\u0119trzny uczynek bez mi\u0142o\u015bci na nic si\u0119 nie przydaje, cokolwiek za\u015b robi si\u0119 z mi\u0142o\u015bci cho\u0107by by\u0142o ma\u0142e, liche, staje si\u0119 owocne\u201d<\/em>. Takim uczynkiem jest ja\u0142mu\u017cna. Ja\u0142mu\u017cna, czyli dar czego\u015b, co nam nie zbywa, dar bolesny (przybieraj\u0105cy nierzadko form\u0119 pokuty). Dar, kt\u00f3ry pi\u0119knie nas ubogaca, roz\u015bwietla mrok wynikaj\u0105cy z naszych s\u0142abo\u015bci, grzech\u00f3w, zaniedba\u0144 i jest \u201eskr\u00f3tem\u201d do Kr\u00f3lestwa Bo\u017cego. Dar, kt\u00f3ry jest oddaniem mi\u0142o\u015bci za mi\u0142o\u015b\u0107 Ojca, oddaj\u0105cego Syna na ukrzy\u017cowanie za nasze grzechy. Dar, przez kt\u00f3ry nasze \u201egrzechy wa\u017c\u0105 mniej\u201d.<\/p>\n<p style=\"text-align: center;\"><strong>Jakie formy mo\u017ce przybra\u0107 ja\u0142mu\u017cna?<\/strong><\/p>\n<p style=\"text-indent: 1cm;\">Ja\u0142mu\u017cn\u0119 mo\u017cemy czyni\u0107 w formie materialnej lub niematerialnej. Pierwsza forma to oddanie rzeczy materialnych np.: pieni\u0119dzy, jedzenia, \u015brodk\u00f3w czysto\u015bci, ubra\u0144 itp. Wa\u017cne jest, aby ofiara mia\u0142a \u017ar\u00f3d\u0142o w tym, co posiadamy na w\u0142asno\u015b\u0107. Ofiara ze \u015brodk\u00f3w kredytu bankowego lub zapisanie jednego procenta deklaracji podatkowej na zbo\u017cny cel, nie jest ja\u0142mu\u017cn\u0105. Jest raczej przejawem naszej postawy obywatelskiej, \u015bwiadomej podzia\u0142u dobra wsp\u00f3lnego, jakim jest nale\u017cny procent od podatku.<\/p>\n<p style=\"text-indent: 1cm;\">Wola uczynienia ja\u0142mu\u017cny wynikaj\u0105cej z uczynk\u00f3w mi\u0142osierdzia wzgl\u0119dem cia\u0142a powinna wyprzedza\u0107 pro\u015bb\u0119 biorcy o pomoc. Nie czekajmy, a\u017c kto\u015b nas poprosi o pomoc. Wyjd\u017amy z inicjatyw\u0105 pomocy pierwsi. Dawniej (w ko\u015bciele pierwotnym) rozdzia\u0142em d\u00f3br zebranych z ja\u0142mu\u017cny zajmowali si\u0119 powo\u0142ani przez w\u0142a\u015bciwego miejscu biskupa diakoni, prezbiterzy i diakonise: <em>\u201e[\u2026]przez waszego biskupa wspierajcie \u015bwi\u0119tych waszymi dobrami i owocami waszej pracy: ten kt\u00f3ry nie ma nic niech po\u015bci, od\u0142o\u017cy na bok \u017cywno\u015b\u0107 z ca\u0142ego dnia i przeznaczy j\u0105 dla \u015bwi\u0119tych\u201d<\/em> (Pasterz Hermasa).<\/p>\n<p style=\"text-indent: 1cm;\">Wsp\u00f3\u0142cze\u015bnie dzia\u0142a wiele instytucji rozdzielaj\u0105cych potrzebuj\u0105cym nasze dary mi\u0142osierdzia.<\/p>\n<p style=\"text-indent: 1cm;\">28 lutego 2016r rozpoczyna dzia\u0142alno\u015b\u0107 Parafialny Zesp\u00f3\u0142 Caritas przy parafii NMP Nieustaj\u0105cej Pomocy. To tu, ws\u0142uchuj\u0105c si\u0119 w s\u0142owa \u015aw. Leona Wielkiego: <em>\u201eSk\u0142adajmy dzi\u0119ki Bo\u017cemu Mi\u0142osierdziu i poszukuj\u0105c \u015bwi\u0119tych rado\u015bci abstynencji, od\u0142\u00f3\u017cmy na bok troch\u0119 naszej \u017cywno\u015bci, aby nasza mi\u0142o\u015b\u0107 zwi\u0119kszy\u0142a si\u0119 o to, czego nasze sto\u0142y by\u0142y pozbawione\u201d<\/em> &#8211; mo\u017cemy \u201ezaspokoi\u0107 g\u0142\u00f3d biednego\u201d sk\u0142adaj\u0105c dary w formie materialnej tj. produkty spo\u017cywcze, \u015brodki czysto\u015bci, \u015brodki piel\u0119gnacyjne dla dzieci i doros\u0142ych oraz sk\u0142adane na tace lub wp\u0142acane na konto datki pieni\u0119\u017cne z dopiskiem Caritas.<\/p>\n<p style=\"text-indent: 1cm;\">Ja\u0142mu\u017cna mo\u017ce r\u00f3wnie\u017c przyj\u0105\u0107 posta\u0107 niematerialn\u0105. Mo\u017cemy j\u0105 z\u0142o\u017cy\u0107 z naszego czasu, ale nie tego wolnego, przeznaczonego na zabaw\u0119. Powinien to by\u0107 czas przeznaczony dla rodziny, przeznaczony na wykonanie wa\u017cnych czynno\u015bci. Taki w\u0142a\u015bnie czas nabiera warto\u015bci ja\u0142mu\u017cny. Ten czas po\u015bwi\u0119\u0107my osobom potrzebuj\u0105cym wys\u0142uchania, rozmowy, pomocy. To czas dla ludzi zagubionych, samotnych, op\u0142akuj\u0105cych bliskich kt\u00f3rzy \u201eodeszli\u201d, czas dla chorych i cierpi\u0105cych. To czas wykorzystany przez Samarytanina otaczaj\u0105cego mi\u0142osierdziem przypadkowo napotkanego pobitego cz\u0142owieka. To czas dzielenia si\u0119 nasz\u0105 mi\u0142o\u015bci\u0105, przez kt\u00f3r\u0105 obmywamy rany Chrystusa uczynione naszymi grzechami.<\/p>\n<p style=\"text-indent: 1cm;\">Dla chrze\u015bcijanina obowi\u0105zek czynienia ja\u0142mu\u017cny pochodzi wprost z nauki Jezusa i jego aposto\u0142\u00f3w. <em>\u201eStarajcie si\u0119 dobrych uczynk\u00f3w nie spe\u0142nia\u0107 na pokaz po to, by was ludzie podziwiali, bo wtedy nie otrzymacie zap\u0142aty od waszego Ojca, kt\u00f3ry jest w niebie. Gdy wi\u0119c wspierasz potrzebuj\u0105cego nie tr\u0105b o tym przed sob\u0105. Gdy ty wspierasz potrzebuj\u0105cego, niech nie wie twoja lewa r\u0119ka, co czyni prawa, aby tw\u00f3j czyn pozosta\u0142 w ukryciu. A tw\u00f3j Ojciec, kt\u00f3ry widzi tak\u017ce to, co ukryte, nagrodzi ciebie.\u201d <\/em>(Mt 6,1-4). B\u00f3g ocenia czyn ja\u0142mu\u017cny patrz\u0105c na serce ofiarodawcy,a nie na to jakim si\u0119 on jawi w oczach innych ludzi. Nasze czyny nie musz\u0105 budzi\u0107 zachwytu i uznania u innych. Celem \u017cycia chrze\u015bcijanina jest piel\u0119gnowanie postawy otwarto\u015bci na Boga, Boga w ukryciu, a przez to na drugiego cz\u0142owieka.<\/p>\n<p style=\"text-indent: 1cm;\"><em>\u201eJa\u0142mu\u017cna cz\u0142owieka jest dla Niego jak piecz\u0119\u0107\u201d<\/em> (Syr 17,22). To piecz\u0119\u0107, kt\u00f3r\u0105 zostali\u015bmy naznaczeni na chrzcie. Piecz\u0119\u0107 okre\u015blaj\u0105ca nasze oddanie si\u0119 Bogu przez realizacj\u0119 jego przykaza\u0144. Od nas zale\u017cy czy ten Bo\u017cy znak okre\u015blaj\u0105cy nasze cz\u0142owiecze\u0144stwo w zwierciadle prawdy Chrystusowej b\u0119dzie czytelny, wyra\u017any, czy przez nasze grzechy, zaniedbania,brak mi\u0142o\u015bci do bli\u017aniego niezale\u017cnie od jego pochodzenia, statusu spo\u0142ecznego czy wyznania, staniemy si\u0119 \u015blepi i g\u0142usi na przes\u0142anie Ewangelii, zacieraj\u0105c wizerunek piecz\u0119ci-przymierza z Bogiem.<\/p>\n<p style=\"text-indent: 1cm;\">Czy w dniu ostatecznym zas\u0142u\u017cymy sobie, aby ponownie zosta\u0107 opiecz\u0119towani\u00a0 jako s\u0142udzy Boga (czytaj Ap 7,3)?<\/p>\n<p style=\"text-indent: 1cm;\">Czy b\u0119dziemy mieli szans\u0119 us\u0142ysze\u0107 zaproszenie Jezusa:<br \/>\n<em>\u201eZbli\u017ccie si\u0119 b\u0142ogos\u0142awieni mojego Ojca. We\u017acie w posiadanie kr\u00f3lestwo przygotowane dla was od pocz\u0105tku \u015bwiata.<\/em><br \/>\n<em> Bo by\u0142em g\u0142odny, a dali\u015bcie Mi je\u015b\u0107;<\/em><br \/>\n<em> By\u0142em spragniony, a dali\u015bcie Mi pi\u0107;<\/em><br \/>\n<em> By\u0142em przybyszem a przyj\u0119li\u015bcie Mnie;<\/em><br \/>\n<em> By\u0142em nagi, a przyodziali\u015bcie Mnie;<\/em><br \/>\n<em> By\u0142em chory, a zatroszczyli\u015bcie si\u0119 o Mnie;<\/em><br \/>\n<em> By\u0142em w wi\u0119zieniu, a przyszli\u015bcie do Mnie\u201d (Mt 25,34-36)?<\/em><\/p>\n<p style=\"text-align: right;\">Autor: Krzysztof Okurowski<\/p>\n<hr \/>\n<p style=\"text-align: center;\"><strong>Artyku\u0142: <a href=\"http:\/\/www.mbnp.archidiecezja.wroc.pl\/?p=961\">Wielki Post w Roku Mi\u0142osierdzia<\/a><\/strong><\/p>\n<hr \/>\n<p style=\"font-size: small;\">Bibliografia:<br \/>\n1.A KempisTomas , O na\u015bladowaniu Chrystusa\u00a0 wyd. Apostolstwo Modlitwy<br \/>\n2.Communio Nr 4 (188) 2014 Patrick Descourtieux, Post i ja\u0142mu\u017cna w kazaniach \u015aw. Leona Wielkiego<br \/>\n3.Konstantynopol nowy Rzym, red. M.J.Leszka, T.Woli\u0144ska , wyd. PWN 2011<br \/>\n4.Or\u0119dzie Ojca \u015awi\u0119tego Franciszka na Wielki Post 2014 roku.<br \/>\n5. Pasterz Hermesa<br \/>\n6.Pismo \u015awi\u0119te, Wyd. Towarzystwo \u015awi\u0119tego Paw\u0142a<br \/>\n7. Trawka Pawe\u0142 Katecheza na V Zjazd Parafialnych Zespo\u0142\u00f3w Caritas<\/p>\n","protected":false},"excerpt":{"rendered":"<p>\u201eNa wz\u00f3r naszego Nauczyciela jeste\u015bmy jako chrze\u015bcijanie powo\u0142ani do tego, aby dostrzega\u0107 r\u00f3\u017cne rodzaje n\u0119dzy trapi\u0105cej naszych braci, dotyka\u0107 ich d\u0142oni\u0105, bra\u0107 je na swoje barki i stara\u0107 si\u0119 je &#8230;<\/p>\n","protected":false},"author":7,"featured_media":0,"comment_status":"closed","ping_status":"open","sticky":false,"template":"","format":"standard","meta":[],"categories":[10],"tags":[],"_links":{"self":[{"href":"http:\/\/www.mbnp.archidiecezja.wroc.pl\/index.php?rest_route=\/wp\/v2\/posts\/1261"}],"collection":[{"href":"http:\/\/www.mbnp.archidiecezja.wroc.pl\/index.php?rest_route=\/wp\/v2\/posts"}],"about":[{"href":"http:\/\/www.mbnp.archidiecezja.wroc.pl\/index.php?rest_route=\/wp\/v2\/types\/post"}],"author":[{"embeddable":true,"href":"http:\/\/www.mbnp.archidiecezja.wroc.pl\/index.php?rest_route=\/wp\/v2\/users\/7"}],"replies":[{"embeddable":true,"href":"http:\/\/www.mbnp.archidiecezja.wroc.pl\/index.php?rest_route=%2Fwp%2Fv2%2Fcomments&post=1261"}],"version-history":[{"count":7,"href":"http:\/\/www.mbnp.archidiecezja.wroc.pl\/index.php?rest_route=\/wp\/v2\/posts\/1261\/revisions"}],"predecessor-version":[{"id":1270,"href":"http:\/\/www.mbnp.archidiecezja.wroc.pl\/index.php?rest_route=\/wp\/v2\/posts\/1261\/revisions\/1270"}],"wp:attachment":[{"href":"http:\/\/www.mbnp.archidiecezja.wroc.pl\/index.php?rest_route=%2Fwp%2Fv2%2Fmedia&parent=1261"}],"wp:term":[{"taxonomy":"category","embeddable":true,"href":"http:\/\/www.mbnp.archidiecezja.wroc.pl\/index.php?rest_route=%2Fwp%2Fv2%2Fcategories&post=1261"},{"taxonomy":"post_tag","embeddable":true,"href":"http:\/\/www.mbnp.archidiecezja.wroc.pl\/index.php?rest_route=%2Fwp%2Fv2%2Ftags&post=1261"}],"curies":[{"name":"wp","href":"https:\/\/api.w.org\/{rel}","templated":true}]}}