{"id":1240,"date":"2016-02-26T19:34:20","date_gmt":"2016-02-26T18:34:20","guid":{"rendered":"http:\/\/www.mbnp.archidiecezja.wroc.pl\/?p=1240"},"modified":"2016-03-10T19:29:58","modified_gmt":"2016-03-10T18:29:58","slug":"dyplom-za-dekoracje-bozonarodzeniowa","status":"publish","type":"post","link":"http:\/\/www.mbnp.archidiecezja.wroc.pl\/?p=1240","title":{"rendered":"Dyplom za dekoracj\u0119 Bo\u017conarodzeniow\u0105"},"content":{"rendered":"<p style=\"text-align: center;\">Mi\u0142o jest nam poinformowa\u0107, \u017ce nasza dekoracja na \u015bwi\u0119ta Bo\u017cego Narodzenia<\/p>\n<p style=\"text-align: center;\">zosta\u0142a doceniona w kolejnej edycji konkursu &#8222;\u015awi\u0105teczny balkon&#8221;.<\/p>\n<p style=\"text-align: center;\"><a href=\"http:\/\/www.mbnp.archidiecezja.wroc.pl\/wp-content\/uploads\/2016\/02\/145313.jpg\" rel=\"lightbox[1240]\"><img decoding=\"async\" loading=\"lazy\" class=\"size-medium wp-image-1241 aligncenter\" src=\"http:\/\/www.mbnp.archidiecezja.wroc.pl\/wp-content\/uploads\/2016\/02\/145313-214x300.jpg\" alt=\"145313\" width=\"214\" height=\"300\" srcset=\"http:\/\/www.mbnp.archidiecezja.wroc.pl\/wp-content\/uploads\/2016\/02\/145313-214x300.jpg 214w, http:\/\/www.mbnp.archidiecezja.wroc.pl\/wp-content\/uploads\/2016\/02\/145313-732x1024.jpg 732w\" sizes=\"(max-width: 214px) 100vw, 214px\" \/><\/a><\/p>\n","protected":false},"excerpt":{"rendered":"<p>Mi\u0142o jest nam poinformowa\u0107, \u017ce nasza dekoracja na \u015bwi\u0119ta Bo\u017cego Narodzenia zosta\u0142a doceniona w kolejnej edycji konkursu &#8222;\u015awi\u0105teczny balkon&#8221;.<\/p>\n","protected":false},"author":7,"featured_media":0,"comment_status":"closed","ping_status":"open","sticky":false,"template":"","format":"standard","meta":[],"categories":[10],"tags":[],"_links":{"self":[{"href":"http:\/\/www.mbnp.archidiecezja.wroc.pl\/index.php?rest_route=\/wp\/v2\/posts\/1240"}],"collection":[{"href":"http:\/\/www.mbnp.archidiecezja.wroc.pl\/index.php?rest_route=\/wp\/v2\/posts"}],"about":[{"href":"http:\/\/www.mbnp.archidiecezja.wroc.pl\/index.php?rest_route=\/wp\/v2\/types\/post"}],"author":[{"embeddable":true,"href":"http:\/\/www.mbnp.archidiecezja.wroc.pl\/index.php?rest_route=\/wp\/v2\/users\/7"}],"replies":[{"embeddable":true,"href":"http:\/\/www.mbnp.archidiecezja.wroc.pl\/index.php?rest_route=%2Fwp%2Fv2%2Fcomments&post=1240"}],"version-history":[{"count":1,"href":"http:\/\/www.mbnp.archidiecezja.wroc.pl\/index.php?rest_route=\/wp\/v2\/posts\/1240\/revisions"}],"predecessor-version":[{"id":1242,"href":"http:\/\/www.mbnp.archidiecezja.wroc.pl\/index.php?rest_route=\/wp\/v2\/posts\/1240\/revisions\/1242"}],"wp:attachment":[{"href":"http:\/\/www.mbnp.archidiecezja.wroc.pl\/index.php?rest_route=%2Fwp%2Fv2%2Fmedia&parent=1240"}],"wp:term":[{"taxonomy":"category","embeddable":true,"href":"http:\/\/www.mbnp.archidiecezja.wroc.pl\/index.php?rest_route=%2Fwp%2Fv2%2Fcategories&post=1240"},{"taxonomy":"post_tag","embeddable":true,"href":"http:\/\/www.mbnp.archidiecezja.wroc.pl\/index.php?rest_route=%2Fwp%2Fv2%2Ftags&post=1240"}],"curies":[{"name":"wp","href":"https:\/\/api.w.org\/{rel}","templated":true}]}}