{"id":1017,"date":"2016-02-13T12:05:37","date_gmt":"2016-02-13T11:05:37","guid":{"rendered":"http:\/\/www.mbnp.archidiecezja.wroc.pl\/wordpress\/?p=1017"},"modified":"2016-03-13T11:58:53","modified_gmt":"2016-03-13T10:58:53","slug":"o-jacek-kicinski-cmf-nowym-biskupem-pomocniczym-we-wroclawiu","status":"publish","type":"post","link":"http:\/\/www.mbnp.archidiecezja.wroc.pl\/?p=1017","title":{"rendered":"O. Jacek Kici\u0144ski CMF &#8211; nowym biskupem pomocniczym"},"content":{"rendered":"<p style=\"text-align: center;\">Ojciec \u015awi\u0119ty Franciszek mianowa\u0142 o. prof. dr hab. Jacka Kici\u0144skiego CMF nowym biskupem pomocniczym Archidiecezji Wroc\u0142awskiej.<\/p>\n<p style=\"text-align: center;\">Biskupa nominata polecamy naszym modlitwom.\u00a0Wszyscy pami\u0119tamy biskupa nominata z wizyty w naszej parafii 21 VI 2015 r., kiedy to przewodniczy\u0142 Mszy \u015bw. odpustowej i g\u0142osi\u0142 S\u0142owo Bo\u017ce.<\/p>\n<p style=\"text-align: center;\"><strong>\u017byciorys biskupa nominata<\/strong><\/p>\n<p align=\"LEFT\"><span style=\"font-family: ChaparralPro-Bold; font-size: large;\"><b>O. prof. Jacek Kici\u0144ski CMF <\/b><\/span><span style=\"font-family: ChaparralPro-Regular;\">urodzi\u0142 si\u0119 30 sierpnia 1968 r. w Turku, diec. w\u0142oc\u0142awska, jako <\/span>czwarty syn J\u00f3zefa i Marianny z d. Krysztofowicz. Po uko\u0144czeniu Szko\u0142y Podstawowej w 1983 r. rozpocz\u0105\u0142 nauk\u0119 w Technikum Mechanicznym w Turku, kt\u00f3r\u0105 uko\u0144czy\u0142 zdaniem egzaminu dojrza\u0142o\u015bci w 1988 r. W tym samym roku wst\u0105pi\u0142 do nowicjatu Zgromadzenia Misjonarzy Klaretyn\u00f3w. Od 1989 r. rozpocz\u0105\u0142 studia na Papieskim Wydziale Teologicznym we Wroc\u0142awiu, kt\u00f3rych zwie\u0144czeniem by\u0142a obrona pracy magisterskiej w zakresie psychologii nt. \u201eKole\u017ce\u0144stwo i przyja\u017a\u0144 u m\u0142odzie\u017cy szk\u00f3\u0142 \u015brednich\u201d. 27 maja 1995 r. w katedrze wroc\u0142awskiej z r\u0105k ksi\u0119dza Henryka Kardyna\u0142a Gulbinowicza przyj\u0105\u0142 \u015bwi\u0119cenia kap\u0142a\u0144skie. W latach 1995 -1996 pos\u0142ugiwa\u0142 duszpastersko jako wikariusz parafialny w \u0141odzi. W 1996 r. zosta\u0142 skierowany na studia specjalistyczne w zakresie teologii duchowo\u015bci na Katolickim Uniwersytecie Lubelskim. W 2000 r. obroni\u0142 prac\u0119 doktorsk\u0105 pod kierunkiem nt. \u201eCelibat w \u017cyciu kap\u0142a\u0144skim. Studium na podstawie publikacji polskoj\u0119zycznych po Soborze Watyka\u0144skim II\u201d. W tym samym roku obj\u0105\u0142 urz\u0105d prze\u0142o\u017conego Domu Formacyjnego Misjonarzy Klaretyn\u00f3w we Wroc\u0142awiu, kt\u00f3ry pe\u0142ni\u0142 do 2004 r. By\u0142 tak\u017ce odpowiedzialny za duszpasterstwo m\u0142odzie\u017cowo-powo\u0142aniowe w latach 1999 &#8211; 2005. Od roku akademickiego 2002\/2003 rozpocz\u0105\u0142 prac\u0119 dydaktyczn\u0105 na Papieskim Wydziale Teologicznym we Wroc\u0142awiu, podejmuj\u0105c wyk\u0142ady z teologii duchowo\u015bci.<\/p>\n<p align=\"LEFT\">W 2004 r. zosta\u0142 wybrany do Zarz\u0105du Polskiej Prowincji Misjonarzy Klaretyn\u00f3w na urz\u0105d prefekta ds. duchowo\u015bci, kt\u00f3ry pe\u0142ni\u0142 do 2010 r. W tym te\u017c czasie podj\u0105\u0142 obowi\u0105zki opiekuna postulantatu Misjonarzy Klaretyn\u00f3w w Kudowie Zdroju. Po dw\u00f3ch latach ponownie obj\u0105\u0142 urz\u0105d prze\u0142o\u017conego Domu Formacyjnego we Wroc\u0142awiu, kt\u00f3ry pe\u0142ni\u0142 do 2013 r.<\/p>\n<p align=\"LEFT\">W 2006 r. zosta\u0142 mianowany redaktorem naczelnym pisma naukowego \u201e\u017bycie Konsekrowane\u201d, dyrektorem Podyplomowych Studi\u00f3w Teologii \u017bycia Konsekrowanego PWT we Wroc\u0142awiu oraz cz\u0142onkiem Rady ds. \u017bycia Konsekrowanego w Archidiecezji Wroc\u0142awskiej. Uczestniczy\u0142 tak\u017ce w redakcji \u201eWroc\u0142awskiego Przegl\u0105du Teologicznego\u201d. W 2009 r. uzyska\u0142em stopie\u0144 doktora habilitowanego PWT we Wroc\u0142awiu w zakresie teologii duchowo\u015bci na podstawie dorobku naukowego i rozprawy habilitacyjnej \u201ePowo\u0142anie-Konsekracja-Misja. Personalistyczny wymiar teologii \u017cycia konsekrowanego w \u015bwietle wsp\u00f3\u0142czesnego Magisterium Ko\u015bcio\u0142a\u201d. W tym samym roku decyzj\u0105 \u00f3wczesnego metropolity abp. Mariana Go\u0142\u0119biewskiego zosta\u0142 mianowany wikariuszem biskupim ds. \u017cycia konsekrowanego Archidiecezji Wroc\u0142awskiej i przewodnicz\u0105cym rady ds. \u017bycia Konsekrowanego oraz cz\u0142onkiem rady Kap\u0142a\u0144skiej tej\u017ce Archidiecezji. W 2015 r. decyzj\u0105 Konferencji Episkopatu Polski zosta\u0142 mianowany konsultorem Komisji ds. \u017bycia Konsekrowanego i Stowarzysze\u0144 \u017bycia Apostolskiego KEP.<\/p>\n<p align=\"LEFT\">Od pocz\u0105tku pracy dydaktyczno-naukowej na Papieskim Wydziale Teologicznym uczestniczy\u0142 w pracach Katedry Teologii Duchowo\u015bci b\u0119d\u0105c adiunktem bp. prof. dr hab. Andrzeja Siemieniewskiego. W 2010 r. zosta\u0142 powo\u0142any na stanowisko kierownika Katedry Teologii Duchowo\u015bci Kap\u0142a\u0144skiej i \u017bycia Konsekrowanego. W 2011 r. zosta\u0142 mianowany profesorem nadzwyczajnym PWT we Wroc\u0142awiu, a w 2015 r. decyzj\u0105 Centralnej Komisji ds. Tytu\u0142\u00f3w Naukowych i dekretem abp. J\u00f3zefa Kupnego, metropolity wroc\u0142awskiego i Wielkiego Kanclerza PWT uzyska\u0142 tytu\u0142 naukowy profesora zwyczajnego nauk teologicznych.<\/p>\n<p align=\"LEFT\">Obok pracy dydaktyczno-naukowej czynnie podejmowa\u0142 pos\u0142ugi zwi\u0105zane z formacj\u0105 duchowie\u0144stwa diecezjalnego i zakonnego w ca\u0142ej Polsce. G\u0142osi\u0142 rekolekcje w wielu seminariach duchownych, domach zakonnych, przygotowywa\u0142 alumn\u00f3w do przyj\u0119cia pos\u0142ug i \u015bwi\u0119ce\u0144. Uczestniczy\u0142 tak\u017ce w formacji laikatu poprzez opiek\u0119 duchow\u0105 nad wsp\u00f3lnot\u0105 poakademick\u0105 Wawrzyny Plus oraz rekolekcje i spotkania formacyjne w wielu polskich parafiach.<\/p>\n<p style=\"text-align: right;\" align=\"LEFT\">za: www.archidiecezja.wroclaw.pl<\/p>\n<p><a href=\"http:\/\/www.mbnp.archidiecezja.wroc.pl\/wp-content\/uploads\/2016\/02\/kicinski-e1455361749458.jpg\" rel=\"lightbox[1017]\"><img decoding=\"async\" loading=\"lazy\" class=\"aligncenter wp-image-1018 size-full\" src=\"http:\/\/www.mbnp.archidiecezja.wroc.pl\/wp-content\/uploads\/2016\/02\/kicinski-e1455361749458.jpg\" alt=\"kicinski\" width=\"300\" height=\"397\" \/><\/a><\/p>\n<p>&nbsp;<\/p>\n","protected":false},"excerpt":{"rendered":"<p>Ojciec \u015awi\u0119ty Franciszek mianowa\u0142 o. prof. dr hab. Jacka Kici\u0144skiego CMF nowym biskupem pomocniczym Archidiecezji Wroc\u0142awskiej. Biskupa nominata polecamy naszym modlitwom.\u00a0Wszyscy pami\u0119tamy biskupa nominata z wizyty w naszej parafii 21 &#8230;<\/p>\n","protected":false},"author":7,"featured_media":0,"comment_status":"closed","ping_status":"open","sticky":false,"template":"","format":"standard","meta":[],"categories":[10],"tags":[],"_links":{"self":[{"href":"http:\/\/www.mbnp.archidiecezja.wroc.pl\/index.php?rest_route=\/wp\/v2\/posts\/1017"}],"collection":[{"href":"http:\/\/www.mbnp.archidiecezja.wroc.pl\/index.php?rest_route=\/wp\/v2\/posts"}],"about":[{"href":"http:\/\/www.mbnp.archidiecezja.wroc.pl\/index.php?rest_route=\/wp\/v2\/types\/post"}],"author":[{"embeddable":true,"href":"http:\/\/www.mbnp.archidiecezja.wroc.pl\/index.php?rest_route=\/wp\/v2\/users\/7"}],"replies":[{"embeddable":true,"href":"http:\/\/www.mbnp.archidiecezja.wroc.pl\/index.php?rest_route=%2Fwp%2Fv2%2Fcomments&post=1017"}],"version-history":[{"count":9,"href":"http:\/\/www.mbnp.archidiecezja.wroc.pl\/index.php?rest_route=\/wp\/v2\/posts\/1017\/revisions"}],"predecessor-version":[{"id":1090,"href":"http:\/\/www.mbnp.archidiecezja.wroc.pl\/index.php?rest_route=\/wp\/v2\/posts\/1017\/revisions\/1090"}],"wp:attachment":[{"href":"http:\/\/www.mbnp.archidiecezja.wroc.pl\/index.php?rest_route=%2Fwp%2Fv2%2Fmedia&parent=1017"}],"wp:term":[{"taxonomy":"category","embeddable":true,"href":"http:\/\/www.mbnp.archidiecezja.wroc.pl\/index.php?rest_route=%2Fwp%2Fv2%2Fcategories&post=1017"},{"taxonomy":"post_tag","embeddable":true,"href":"http:\/\/www.mbnp.archidiecezja.wroc.pl\/index.php?rest_route=%2Fwp%2Fv2%2Ftags&post=1017"}],"curies":[{"name":"wp","href":"https:\/\/api.w.org\/{rel}","templated":true}]}}